{"id":969,"date":"2023-07-17T10:42:39","date_gmt":"2023-07-17T10:42:39","guid":{"rendered":"http:\/\/www.cidadesdomeubrasil.com.br\/blog\/?p=969"},"modified":"2023-07-17T12:39:50","modified_gmt":"2023-07-17T12:39:50","slug":"969-2","status":"publish","type":"post","link":"https:\/\/www.cidadesdomeubrasil.com.br\/blog\/969-2\/","title":{"rendered":"O Jovem Profissional"},"content":{"rendered":"<p style=\"text-align: center;\"><a href=\"http:\/\/www.cidadesdomeubrasil.com.br\/blog\/wp-content\/uploads\/2016\/04\/26105333-retrato-do-close-up-do-homem-jovem-estudante-segurando-livros-e-carteira-vazia-olhando-aflito-que-e.jpg\"><img loading=\"lazy\" decoding=\"async\" data-attachment-id=\"970\" data-permalink=\"https:\/\/www.cidadesdomeubrasil.com.br\/blog\/969-2\/26105333-retrato-do-close-up-do-homem-jovem-estudante-segurando-livros-e-carteira-vazia-olhando-aflito-que-e\/\" data-orig-file=\"https:\/\/www.cidadesdomeubrasil.com.br\/blog\/wp-content\/uploads\/2016\/04\/26105333-retrato-do-close-up-do-homem-jovem-estudante-segurando-livros-e-carteira-vazia-olhando-aflito-que-e.jpg\" data-orig-size=\"450,343\" data-comments-opened=\"1\" data-image-meta=\"{&quot;aperture&quot;:&quot;0&quot;,&quot;credit&quot;:&quot;&quot;,&quot;camera&quot;:&quot;&quot;,&quot;caption&quot;:&quot;&quot;,&quot;created_timestamp&quot;:&quot;0&quot;,&quot;copyright&quot;:&quot;&quot;,&quot;focal_length&quot;:&quot;0&quot;,&quot;iso&quot;:&quot;0&quot;,&quot;shutter_speed&quot;:&quot;0&quot;,&quot;title&quot;:&quot;&quot;,&quot;orientation&quot;:&quot;0&quot;}\" data-image-title=\"26105333-retrato-do-close-up-do-homem-jovem-estudante-segurando-livros-e-carteira-vazia,-olhando-aflito-que-e\" data-image-description=\"&lt;p&gt;A d\u00favida &lt;\/p&gt;\n\" data-image-caption=\"&lt;p&gt;O que fazer? O que cursar?&lt;\/p&gt;\n\" data-medium-file=\"https:\/\/www.cidadesdomeubrasil.com.br\/blog\/wp-content\/uploads\/2016\/04\/26105333-retrato-do-close-up-do-homem-jovem-estudante-segurando-livros-e-carteira-vazia-olhando-aflito-que-e-300x229.jpg\" data-large-file=\"https:\/\/www.cidadesdomeubrasil.com.br\/blog\/wp-content\/uploads\/2016\/04\/26105333-retrato-do-close-up-do-homem-jovem-estudante-segurando-livros-e-carteira-vazia-olhando-aflito-que-e.jpg\" class=\"size-medium wp-image-970 aligncenter\" src=\"http:\/\/www.cidadesdomeubrasil.com.br\/blog\/wp-content\/uploads\/2016\/04\/26105333-retrato-do-close-up-do-homem-jovem-estudante-segurando-livros-e-carteira-vazia-olhando-aflito-que-e-300x229.jpg\" alt=\"26105333-retrato-do-close-up-do-homem-jovem-estudante-segurando-livros-e-carteira-vazia,-olhando-aflito-que-e\" width=\"300\" height=\"229\" srcset=\"https:\/\/www.cidadesdomeubrasil.com.br\/blog\/wp-content\/uploads\/2016\/04\/26105333-retrato-do-close-up-do-homem-jovem-estudante-segurando-livros-e-carteira-vazia-olhando-aflito-que-e-300x229.jpg 300w, https:\/\/www.cidadesdomeubrasil.com.br\/blog\/wp-content\/uploads\/2016\/04\/26105333-retrato-do-close-up-do-homem-jovem-estudante-segurando-livros-e-carteira-vazia-olhando-aflito-que-e.jpg 450w\" sizes=\"auto, (max-width: 300px) 100vw, 300px\" \/><\/a><\/p>\n<p>Ao pensar sobre qual assunto abordar, cheguei a conclus\u00e3o de falar sobre o dilema dos estudantes que se formam na faculdade e n\u00e3o conseguem, de imediato, um emprego fixo na \u00e1rea em que almejam, como tamb\u00e9m os que tomam o caminho errado, e acabam se frustrando profissionalmente.<\/p>\n<p>Encontrar um \u201clugar ao sol\u201d no mercado de trabalho atual est\u00e1 dif\u00edcil, ainda mais em cidades localizadas no interior deste vasto Brasil.<br \/>\nH\u00e1 ainda os que saem do Ensino M\u00e9dio com d\u00favidas sobre o que cursar na faculdade, s\u00e3o jovens que ainda n\u00e3o desenvolveram uma forma\u00e7\u00e3o clara em suas mentes sobre o que realmente querem \u201cser\u201d na vida, s\u00e3o jovens imaturos mentalmente, que n\u00e3o encontraram seu \u201crumo certo\u201d.<\/p>\n<p>Lembro-me de quando estava no segundo ano do EM, e j\u00e1 tinha uma escolha a fazer: Que faculdade cursarei? O dilema que permeia a mente de muitas crian\u00e7as ainda cedo no ensino fundamental \u00e9: O que quero ser quando crescer? Hoje vejo que a press\u00e3o dos professores, da sociedade e de nossos pais para tomarmos uma decis\u00e3o r\u00e1pida \u00e9 um tanto prejudicial na nossa escolha final.<\/p>\n<p>\u00c9 f\u00e1cil vermos hoje em dia jovens indecisos e infelizes, enchendo salas de aulas de faculdades de Direito, Engenharia e Administra\u00e7\u00e3o e outros, sem saber como chegou ali, e se realmente ama o que est\u00e1 fazendo.<br \/>\nTodavia, s\u00e3o 4 anos que talvez sejam perdidos, simplesmente porque era cedo demais para escolher uma profiss\u00e3o, at\u00e9 porque ainda jovens n\u00e3o nos conhecemos por completo, ainda n\u00e3o estamos maduros o suficiente, temos variados complexos de identidade, mas mesmo assim temos que fazer essa escolha r\u00e1pida.<\/p>\n<p>Estou abordando isto com base em minhas pr\u00f3prias experi\u00eancias, ter pressa para fazer algo e sobre press\u00e3o \u00e9 prejudicial, pois tomamos a decis\u00e3o num momento n\u00e3o muito confort\u00e1vel, por consequ\u00eancia o jovem escolhe a primeira profiss\u00e3o que vem \u00e0 mente, ou at\u00e9 mesmo a profiss\u00e3o escolhida pelos pais, \u201cO sonho do meu pai sempre foi que eu fosse um grande m\u00e9dico, por isso escolhi esta profiss\u00e3o\u201d, \u00c9 muito comum ouvir tamb\u00e9m \u201cO curso que queria s\u00f3 tem fora da cidade.<\/p>\n<p>Vou fazer um curso t\u00e9cnico, o que realmente quero s\u00f3 tem na faculdade tal que fica no lugar tal\u201d enfim, \u00e9 comum ouvir esta frase hoje em dia, principalmente em pequenas cidades onde h\u00e1 somente uma faculdade de renome, caso contr\u00e1rio, \u00e9 necess\u00e1rio mudar de regi\u00e3o, ir para fora da cidade para cursar uma faculdade p\u00fablica.<\/p>\n<p>Ou seja, surge a inseguran\u00e7a de se mudar para outro estado por causa da dist\u00e2ncia da fam\u00edlia e a seguran\u00e7a do lar, afinal a maioria s\u00e3o jovens de 19 anos sem experi\u00eancia no mercado, que ainda dependem dos pais para se sustentarem.<\/p>\n<p>Ent\u00e3o acabam por \u201cfazer por fazer\u201d, o resultado s\u00e3o jovens cegos, e futuros profissionais frustrados.<\/p>\n<p>S\u00e3o sonhadores que deixaram de sonhar, seus sonhos foram oprimidos pela inseguran\u00e7a e a press\u00e3o externa da sala de aula, mestres e pais.<\/p>\n<p>Ficaram confusos na jornada e tomaram o caminho errado enquanto est\u00e3o aprendendo algo que talvez n\u00e3o ser\u00e1 a profiss\u00e3o t\u00e3o sonhada, est\u00e3o perdendo tempo e, infelizmente, ainda ap\u00f3s formados n\u00e3o ter\u00e3o de imediato uma oportunidade no mercado de trabalho se n\u00e3o correrem atr\u00e1s, se n\u00e3o se aventurarem no mundo para obterem a experi\u00eancia necess\u00e1ria.<br \/>\nSegundo Cury (2007), os sonhos das pessoas se tornam realidade porque ganham um combust\u00edvel emocional que jamais se apaga, tal combust\u00edvel \u00e9 o desejo incontrol\u00e1vel de ser \u00fatil em algo e para algu\u00e9m.<\/p>\n<p>Um profissional n\u00e3o encaixado em uma profiss\u00e3o certa acaba n\u00e3o atendendo os objetivos primordiais e com isso n\u00e3o se torna \u00fatil para a sociedade e nem para si mesmo.<\/p>\n<p>Para isso n\u00e3o acontecer \u00e9 preciso apoio, primeiramente da fam\u00edlia, e ent\u00e3o da escola e mestres.<br \/>\n\u00c9 importante tanto o adolescente e o jovem fazer um teste vocacional como tamb\u00e9m desenvolver uma maturidade maior e se auto conhecer para, s\u00f3 ent\u00e3o, escolher qual profiss\u00e3o se entregar\u00e1 para a vida toda, assim ele n\u00e3o ser\u00e1 um m\u00e9dico frustrado, um professor ou um contador infeliz. Ele ser\u00e1 quem ele realmente quis ser a vida toda.<\/p>\n<p style=\"text-align: right;\"><em>\u00a0(Visite meu Blog: &#8220;Semelhantes a Cristo&#8221;\u00a0<a href=\"http:\/\/lairranasemelhantesacristo.blogspot.com.br\/\">http:<\/a><strong><a href=\"http:\/\/lairranasemelhantesacristo.blogspot.com.br\/\">\/\/lairranasemelhantesacristo.blogspot.com.br\/<\/a>)<\/strong><\/em><\/p>\n","protected":false},"excerpt":{"rendered":"<p>Ao pensar sobre qual assunto abordar, cheguei a conclus\u00e3o de falar sobre o dilema dos estudantes que se formam na faculdade e n\u00e3o conseguem, de imediato, um emprego fixo na \u00e1rea em que almejam, como tamb\u00e9m os que tomam o caminho errado, e acabam se frustrando profissionalmente. Encontrar um \u201clugar ao sol\u201d no mercado de [&hellip;] <a class=\"g1-link g1-link-more\" href=\"https:\/\/www.cidadesdomeubrasil.com.br\/blog\/969-2\/\">Mais<\/a><\/p>\n","protected":false},"author":1,"featured_media":970,"comment_status":"open","ping_status":"open","sticky":false,"template":"","format":"standard","meta":{"jetpack_post_was_ever_published":false,"_jetpack_newsletter_access":"","_jetpack_dont_email_post_to_subs":false,"_jetpack_newsletter_tier_id":0,"_jetpack_memberships_contains_paywalled_content":false,"fifu_image_url":"","fifu_image_alt":"","_jetpack_memberships_contains_paid_content":false,"footnotes":"","jetpack_publicize_message":"","jetpack_publicize_feature_enabled":true,"jetpack_social_post_already_shared":true,"jetpack_social_options":{"image_generator_settings":{"template":"highway","default_image_id":0,"font":"","enabled":false},"version":2}},"categories":[234,162,2],"tags":[93],"class_list":{"0":"post-969","1":"post","2":"type-post","3":"status-publish","4":"format-standard","5":"has-post-thumbnail","7":"category-dinheiro","8":"category-educacao","9":"category-opniao","10":"tag-jovens-estudantes-profissao"},"yoast_head":"<!-- This site is optimized with the Yoast SEO plugin v26.5 - https:\/\/yoast.com\/wordpress\/plugins\/seo\/ -->\n<title>O Jovem Profissional - Blog Brasil<\/title>\n<meta name=\"robots\" content=\"index, follow, max-snippet:-1, max-image-preview:large, max-video-preview:-1\" \/>\n<link rel=\"canonical\" href=\"https:\/\/www.cidadesdomeubrasil.com.br\/blog\/969-2\/\" \/>\n<meta property=\"og:locale\" content=\"pt_BR\" \/>\n<meta property=\"og:type\" content=\"article\" \/>\n<meta property=\"og:title\" content=\"O Jovem Profissional - Blog Brasil\" \/>\n<meta property=\"og:description\" content=\"Ao pensar sobre qual assunto abordar, cheguei a conclus\u00e3o de falar sobre o dilema dos estudantes que se formam na faculdade e n\u00e3o conseguem, de imediato, um emprego fixo na \u00e1rea em que almejam, como tamb\u00e9m os que tomam o caminho errado, e acabam se frustrando profissionalmente. Encontrar um \u201clugar ao sol\u201d no mercado de [&hellip;] Mais\" \/>\n<meta property=\"og:url\" content=\"https:\/\/www.cidadesdomeubrasil.com.br\/blog\/969-2\/\" \/>\n<meta property=\"og:site_name\" content=\"Blog Brasil\" \/>\n<meta property=\"article:publisher\" content=\"https:\/\/web.facebook.com\/cidades.do.meu.Brasil\" \/>\n<meta property=\"article:published_time\" content=\"2023-07-17T10:42:39+00:00\" \/>\n<meta property=\"article:modified_time\" content=\"2023-07-17T12:39:50+00:00\" \/>\n<meta property=\"og:image\" content=\"http:\/\/www.cidadesdomeubrasil.com.br\/blog\/wp-content\/uploads\/2016\/04\/26105333-retrato-do-close-up-do-homem-jovem-estudante-segurando-livros-e-carteira-vazia-olhando-aflito-que-e.jpg\" \/>\n\t<meta property=\"og:image:width\" content=\"450\" \/>\n\t<meta property=\"og:image:height\" content=\"343\" \/>\n\t<meta property=\"og:image:type\" content=\"image\/jpeg\" \/>\n<meta name=\"author\" content=\"Ivanilton Quinto\" \/>\n<meta name=\"twitter:card\" content=\"summary_large_image\" \/>\n<meta name=\"twitter:label1\" content=\"Escrito por\" \/>\n\t<meta name=\"twitter:data1\" content=\"Ivanilton Quinto\" \/>\n\t<meta name=\"twitter:label2\" content=\"Est. tempo de leitura\" \/>\n\t<meta name=\"twitter:data2\" content=\"4 minutos\" \/>\n<script type=\"application\/ld+json\" class=\"yoast-schema-graph\">{\"@context\":\"https:\/\/schema.org\",\"@graph\":[{\"@type\":\"Article\",\"@id\":\"https:\/\/www.cidadesdomeubrasil.com.br\/blog\/969-2\/#article\",\"isPartOf\":{\"@id\":\"https:\/\/www.cidadesdomeubrasil.com.br\/blog\/969-2\/\"},\"author\":{\"name\":\"Ivanilton Quinto\",\"@id\":\"https:\/\/www.cidadesdomeubrasil.com.br\/blog\/#\/schema\/person\/f8f35823b0b1385a41d219538417b376\"},\"headline\":\"O Jovem Profissional\",\"datePublished\":\"2023-07-17T10:42:39+00:00\",\"dateModified\":\"2023-07-17T12:39:50+00:00\",\"mainEntityOfPage\":{\"@id\":\"https:\/\/www.cidadesdomeubrasil.com.br\/blog\/969-2\/\"},\"wordCount\":747,\"commentCount\":0,\"publisher\":{\"@id\":\"https:\/\/www.cidadesdomeubrasil.com.br\/blog\/#organization\"},\"image\":{\"@id\":\"https:\/\/www.cidadesdomeubrasil.com.br\/blog\/969-2\/#primaryimage\"},\"thumbnailUrl\":\"https:\/\/www.cidadesdomeubrasil.com.br\/blog\/wp-content\/uploads\/2016\/04\/26105333-retrato-do-close-up-do-homem-jovem-estudante-segurando-livros-e-carteira-vazia-olhando-aflito-que-e.jpg\",\"keywords\":[\"Jovens; Estudantes; Profiss\u00e3o\"],\"articleSection\":[\"Dinheiro\",\"Educa\u00e7\u00e3o\",\"Opni\u00e3o\"],\"inLanguage\":\"pt-BR\",\"potentialAction\":[{\"@type\":\"CommentAction\",\"name\":\"Comment\",\"target\":[\"https:\/\/www.cidadesdomeubrasil.com.br\/blog\/969-2\/#respond\"]}],\"copyrightYear\":\"2023\",\"copyrightHolder\":{\"@id\":\"https:\/\/www.cidadesdomeubrasil.com.br\/blog\/#organization\"}},{\"@type\":\"WebPage\",\"@id\":\"https:\/\/www.cidadesdomeubrasil.com.br\/blog\/969-2\/\",\"url\":\"https:\/\/www.cidadesdomeubrasil.com.br\/blog\/969-2\/\",\"name\":\"O Jovem Profissional - Blog Brasil\",\"isPartOf\":{\"@id\":\"https:\/\/www.cidadesdomeubrasil.com.br\/blog\/#website\"},\"primaryImageOfPage\":{\"@id\":\"https:\/\/www.cidadesdomeubrasil.com.br\/blog\/969-2\/#primaryimage\"},\"image\":{\"@id\":\"https:\/\/www.cidadesdomeubrasil.com.br\/blog\/969-2\/#primaryimage\"},\"thumbnailUrl\":\"https:\/\/www.cidadesdomeubrasil.com.br\/blog\/wp-content\/uploads\/2016\/04\/26105333-retrato-do-close-up-do-homem-jovem-estudante-segurando-livros-e-carteira-vazia-olhando-aflito-que-e.jpg\",\"datePublished\":\"2023-07-17T10:42:39+00:00\",\"dateModified\":\"2023-07-17T12:39:50+00:00\",\"breadcrumb\":{\"@id\":\"https:\/\/www.cidadesdomeubrasil.com.br\/blog\/969-2\/#breadcrumb\"},\"inLanguage\":\"pt-BR\",\"potentialAction\":[{\"@type\":\"ReadAction\",\"target\":[\"https:\/\/www.cidadesdomeubrasil.com.br\/blog\/969-2\/\"]}]},{\"@type\":\"ImageObject\",\"inLanguage\":\"pt-BR\",\"@id\":\"https:\/\/www.cidadesdomeubrasil.com.br\/blog\/969-2\/#primaryimage\",\"url\":\"https:\/\/www.cidadesdomeubrasil.com.br\/blog\/wp-content\/uploads\/2016\/04\/26105333-retrato-do-close-up-do-homem-jovem-estudante-segurando-livros-e-carteira-vazia-olhando-aflito-que-e.jpg\",\"contentUrl\":\"https:\/\/www.cidadesdomeubrasil.com.br\/blog\/wp-content\/uploads\/2016\/04\/26105333-retrato-do-close-up-do-homem-jovem-estudante-segurando-livros-e-carteira-vazia-olhando-aflito-que-e.jpg\",\"width\":450,\"height\":343,\"caption\":\"O que fazer? O que cursar?\"},{\"@type\":\"BreadcrumbList\",\"@id\":\"https:\/\/www.cidadesdomeubrasil.com.br\/blog\/969-2\/#breadcrumb\",\"itemListElement\":[{\"@type\":\"ListItem\",\"position\":1,\"name\":\"In\u00edcio\",\"item\":\"https:\/\/www.cidadesdomeubrasil.com.br\/blog\/\"},{\"@type\":\"ListItem\",\"position\":2,\"name\":\"O Jovem Profissional\"}]},{\"@type\":\"WebSite\",\"@id\":\"https:\/\/www.cidadesdomeubrasil.com.br\/blog\/#website\",\"url\":\"https:\/\/www.cidadesdomeubrasil.com.br\/blog\/\",\"name\":\"Blog Brasil\",\"description\":\"Utilidade P\u00fablica, Turismo e tudo mais para voc\u00ea!\",\"publisher\":{\"@id\":\"https:\/\/www.cidadesdomeubrasil.com.br\/blog\/#organization\"},\"potentialAction\":[{\"@type\":\"SearchAction\",\"target\":{\"@type\":\"EntryPoint\",\"urlTemplate\":\"https:\/\/www.cidadesdomeubrasil.com.br\/blog\/?s={search_term_string}\"},\"query-input\":{\"@type\":\"PropertyValueSpecification\",\"valueRequired\":true,\"valueName\":\"search_term_string\"}}],\"inLanguage\":\"pt-BR\"},{\"@type\":[\"Organization\",\"Place\"],\"@id\":\"https:\/\/www.cidadesdomeubrasil.com.br\/blog\/#organization\",\"name\":\"Cidades do meu Brasil\",\"url\":\"https:\/\/www.cidadesdomeubrasil.com.br\/blog\/\",\"logo\":{\"@id\":\"https:\/\/www.cidadesdomeubrasil.com.br\/blog\/969-2\/#local-main-organization-logo\"},\"image\":{\"@id\":\"https:\/\/www.cidadesdomeubrasil.com.br\/blog\/969-2\/#local-main-organization-logo\"},\"sameAs\":[\"https:\/\/web.facebook.com\/cidades.do.meu.Brasil\",\"https:\/\/www.youtube.com\/channel\/UCCA5Gj67lVNVC4eJFQu4rnA\"],\"openingHoursSpecification\":[{\"@type\":\"OpeningHoursSpecification\",\"dayOfWeek\":[\"Sunday\",\"Monday\",\"Tuesday\",\"Wednesday\",\"Thursday\",\"Friday\",\"Saturday\"],\"opens\":\"09:00\",\"closes\":\"17:00\"}]},{\"@type\":\"Person\",\"@id\":\"https:\/\/www.cidadesdomeubrasil.com.br\/blog\/#\/schema\/person\/f8f35823b0b1385a41d219538417b376\",\"name\":\"Ivanilton Quinto\",\"image\":{\"@type\":\"ImageObject\",\"inLanguage\":\"pt-BR\",\"@id\":\"https:\/\/www.cidadesdomeubrasil.com.br\/blog\/#\/schema\/person\/image\/\",\"url\":\"https:\/\/secure.gravatar.com\/avatar\/d4a6bbbb044495ea3dee705b21e752a5ddf248daa09a8e01e21909cf3ae695b0?s=96&d=mm&r=g\",\"contentUrl\":\"https:\/\/secure.gravatar.com\/avatar\/d4a6bbbb044495ea3dee705b21e752a5ddf248daa09a8e01e21909cf3ae695b0?s=96&d=mm&r=g\",\"caption\":\"Ivanilton Quinto\"},\"description\":\"Te\u00f3logo e Empreendedor digital\",\"url\":\"https:\/\/www.cidadesdomeubrasil.com.br\/blog\/author\/ivan\/\"},{\"@type\":\"ImageObject\",\"inLanguage\":\"pt-BR\",\"@id\":\"https:\/\/www.cidadesdomeubrasil.com.br\/blog\/969-2\/#local-main-organization-logo\",\"url\":\"https:\/\/www.cidadesdomeubrasil.com.br\/blog\/wp-content\/uploads\/2015\/11\/logo.png\",\"contentUrl\":\"https:\/\/www.cidadesdomeubrasil.com.br\/blog\/wp-content\/uploads\/2015\/11\/logo.png\",\"width\":347,\"height\":80,\"caption\":\"Cidades do meu Brasil\"}]}<\/script>\n<!-- \/ Yoast SEO plugin. -->","yoast_head_json":{"title":"O Jovem Profissional - Blog Brasil","robots":{"index":"index","follow":"follow","max-snippet":"max-snippet:-1","max-image-preview":"max-image-preview:large","max-video-preview":"max-video-preview:-1"},"canonical":"https:\/\/www.cidadesdomeubrasil.com.br\/blog\/969-2\/","og_locale":"pt_BR","og_type":"article","og_title":"O Jovem Profissional - Blog Brasil","og_description":"Ao pensar sobre qual assunto abordar, cheguei a conclus\u00e3o de falar sobre o dilema dos estudantes que se formam na faculdade e n\u00e3o conseguem, de imediato, um emprego fixo na \u00e1rea em que almejam, como tamb\u00e9m os que tomam o caminho errado, e acabam se frustrando profissionalmente. Encontrar um \u201clugar ao sol\u201d no mercado de [&hellip;] Mais","og_url":"https:\/\/www.cidadesdomeubrasil.com.br\/blog\/969-2\/","og_site_name":"Blog Brasil","article_publisher":"https:\/\/web.facebook.com\/cidades.do.meu.Brasil","article_published_time":"2023-07-17T10:42:39+00:00","article_modified_time":"2023-07-17T12:39:50+00:00","og_image":[{"width":450,"height":343,"url":"http:\/\/www.cidadesdomeubrasil.com.br\/blog\/wp-content\/uploads\/2016\/04\/26105333-retrato-do-close-up-do-homem-jovem-estudante-segurando-livros-e-carteira-vazia-olhando-aflito-que-e.jpg","type":"image\/jpeg"}],"author":"Ivanilton Quinto","twitter_card":"summary_large_image","twitter_misc":{"Escrito por":"Ivanilton Quinto","Est. tempo de leitura":"4 minutos"},"schema":{"@context":"https:\/\/schema.org","@graph":[{"@type":"Article","@id":"https:\/\/www.cidadesdomeubrasil.com.br\/blog\/969-2\/#article","isPartOf":{"@id":"https:\/\/www.cidadesdomeubrasil.com.br\/blog\/969-2\/"},"author":{"name":"Ivanilton Quinto","@id":"https:\/\/www.cidadesdomeubrasil.com.br\/blog\/#\/schema\/person\/f8f35823b0b1385a41d219538417b376"},"headline":"O Jovem Profissional","datePublished":"2023-07-17T10:42:39+00:00","dateModified":"2023-07-17T12:39:50+00:00","mainEntityOfPage":{"@id":"https:\/\/www.cidadesdomeubrasil.com.br\/blog\/969-2\/"},"wordCount":747,"commentCount":0,"publisher":{"@id":"https:\/\/www.cidadesdomeubrasil.com.br\/blog\/#organization"},"image":{"@id":"https:\/\/www.cidadesdomeubrasil.com.br\/blog\/969-2\/#primaryimage"},"thumbnailUrl":"https:\/\/www.cidadesdomeubrasil.com.br\/blog\/wp-content\/uploads\/2016\/04\/26105333-retrato-do-close-up-do-homem-jovem-estudante-segurando-livros-e-carteira-vazia-olhando-aflito-que-e.jpg","keywords":["Jovens; Estudantes; Profiss\u00e3o"],"articleSection":["Dinheiro","Educa\u00e7\u00e3o","Opni\u00e3o"],"inLanguage":"pt-BR","potentialAction":[{"@type":"CommentAction","name":"Comment","target":["https:\/\/www.cidadesdomeubrasil.com.br\/blog\/969-2\/#respond"]}],"copyrightYear":"2023","copyrightHolder":{"@id":"https:\/\/www.cidadesdomeubrasil.com.br\/blog\/#organization"}},{"@type":"WebPage","@id":"https:\/\/www.cidadesdomeubrasil.com.br\/blog\/969-2\/","url":"https:\/\/www.cidadesdomeubrasil.com.br\/blog\/969-2\/","name":"O Jovem Profissional - Blog Brasil","isPartOf":{"@id":"https:\/\/www.cidadesdomeubrasil.com.br\/blog\/#website"},"primaryImageOfPage":{"@id":"https:\/\/www.cidadesdomeubrasil.com.br\/blog\/969-2\/#primaryimage"},"image":{"@id":"https:\/\/www.cidadesdomeubrasil.com.br\/blog\/969-2\/#primaryimage"},"thumbnailUrl":"https:\/\/www.cidadesdomeubrasil.com.br\/blog\/wp-content\/uploads\/2016\/04\/26105333-retrato-do-close-up-do-homem-jovem-estudante-segurando-livros-e-carteira-vazia-olhando-aflito-que-e.jpg","datePublished":"2023-07-17T10:42:39+00:00","dateModified":"2023-07-17T12:39:50+00:00","breadcrumb":{"@id":"https:\/\/www.cidadesdomeubrasil.com.br\/blog\/969-2\/#breadcrumb"},"inLanguage":"pt-BR","potentialAction":[{"@type":"ReadAction","target":["https:\/\/www.cidadesdomeubrasil.com.br\/blog\/969-2\/"]}]},{"@type":"ImageObject","inLanguage":"pt-BR","@id":"https:\/\/www.cidadesdomeubrasil.com.br\/blog\/969-2\/#primaryimage","url":"https:\/\/www.cidadesdomeubrasil.com.br\/blog\/wp-content\/uploads\/2016\/04\/26105333-retrato-do-close-up-do-homem-jovem-estudante-segurando-livros-e-carteira-vazia-olhando-aflito-que-e.jpg","contentUrl":"https:\/\/www.cidadesdomeubrasil.com.br\/blog\/wp-content\/uploads\/2016\/04\/26105333-retrato-do-close-up-do-homem-jovem-estudante-segurando-livros-e-carteira-vazia-olhando-aflito-que-e.jpg","width":450,"height":343,"caption":"O que fazer? O que cursar?"},{"@type":"BreadcrumbList","@id":"https:\/\/www.cidadesdomeubrasil.com.br\/blog\/969-2\/#breadcrumb","itemListElement":[{"@type":"ListItem","position":1,"name":"In\u00edcio","item":"https:\/\/www.cidadesdomeubrasil.com.br\/blog\/"},{"@type":"ListItem","position":2,"name":"O Jovem Profissional"}]},{"@type":"WebSite","@id":"https:\/\/www.cidadesdomeubrasil.com.br\/blog\/#website","url":"https:\/\/www.cidadesdomeubrasil.com.br\/blog\/","name":"Blog Brasil","description":"Utilidade P\u00fablica, Turismo e tudo mais para voc\u00ea!","publisher":{"@id":"https:\/\/www.cidadesdomeubrasil.com.br\/blog\/#organization"},"potentialAction":[{"@type":"SearchAction","target":{"@type":"EntryPoint","urlTemplate":"https:\/\/www.cidadesdomeubrasil.com.br\/blog\/?s={search_term_string}"},"query-input":{"@type":"PropertyValueSpecification","valueRequired":true,"valueName":"search_term_string"}}],"inLanguage":"pt-BR"},{"@type":["Organization","Place"],"@id":"https:\/\/www.cidadesdomeubrasil.com.br\/blog\/#organization","name":"Cidades do meu Brasil","url":"https:\/\/www.cidadesdomeubrasil.com.br\/blog\/","logo":{"@id":"https:\/\/www.cidadesdomeubrasil.com.br\/blog\/969-2\/#local-main-organization-logo"},"image":{"@id":"https:\/\/www.cidadesdomeubrasil.com.br\/blog\/969-2\/#local-main-organization-logo"},"sameAs":["https:\/\/web.facebook.com\/cidades.do.meu.Brasil","https:\/\/www.youtube.com\/channel\/UCCA5Gj67lVNVC4eJFQu4rnA"],"openingHoursSpecification":[{"@type":"OpeningHoursSpecification","dayOfWeek":["Sunday","Monday","Tuesday","Wednesday","Thursday","Friday","Saturday"],"opens":"09:00","closes":"17:00"}]},{"@type":"Person","@id":"https:\/\/www.cidadesdomeubrasil.com.br\/blog\/#\/schema\/person\/f8f35823b0b1385a41d219538417b376","name":"Ivanilton Quinto","image":{"@type":"ImageObject","inLanguage":"pt-BR","@id":"https:\/\/www.cidadesdomeubrasil.com.br\/blog\/#\/schema\/person\/image\/","url":"https:\/\/secure.gravatar.com\/avatar\/d4a6bbbb044495ea3dee705b21e752a5ddf248daa09a8e01e21909cf3ae695b0?s=96&d=mm&r=g","contentUrl":"https:\/\/secure.gravatar.com\/avatar\/d4a6bbbb044495ea3dee705b21e752a5ddf248daa09a8e01e21909cf3ae695b0?s=96&d=mm&r=g","caption":"Ivanilton Quinto"},"description":"Te\u00f3logo e Empreendedor digital","url":"https:\/\/www.cidadesdomeubrasil.com.br\/blog\/author\/ivan\/"},{"@type":"ImageObject","inLanguage":"pt-BR","@id":"https:\/\/www.cidadesdomeubrasil.com.br\/blog\/969-2\/#local-main-organization-logo","url":"https:\/\/www.cidadesdomeubrasil.com.br\/blog\/wp-content\/uploads\/2015\/11\/logo.png","contentUrl":"https:\/\/www.cidadesdomeubrasil.com.br\/blog\/wp-content\/uploads\/2015\/11\/logo.png","width":347,"height":80,"caption":"Cidades do meu Brasil"}]}},"jetpack_publicize_connections":[],"jetpack_featured_media_url":"https:\/\/www.cidadesdomeubrasil.com.br\/blog\/wp-content\/uploads\/2016\/04\/26105333-retrato-do-close-up-do-homem-jovem-estudante-segurando-livros-e-carteira-vazia-olhando-aflito-que-e.jpg","wps_subtitle":"","jetpack_shortlink":"https:\/\/wp.me\/p52h2W-fD","jetpack_sharing_enabled":true,"_links":{"self":[{"href":"https:\/\/www.cidadesdomeubrasil.com.br\/blog\/wp-json\/wp\/v2\/posts\/969","targetHints":{"allow":["GET"]}}],"collection":[{"href":"https:\/\/www.cidadesdomeubrasil.com.br\/blog\/wp-json\/wp\/v2\/posts"}],"about":[{"href":"https:\/\/www.cidadesdomeubrasil.com.br\/blog\/wp-json\/wp\/v2\/types\/post"}],"author":[{"embeddable":true,"href":"https:\/\/www.cidadesdomeubrasil.com.br\/blog\/wp-json\/wp\/v2\/users\/1"}],"replies":[{"embeddable":true,"href":"https:\/\/www.cidadesdomeubrasil.com.br\/blog\/wp-json\/wp\/v2\/comments?post=969"}],"version-history":[{"count":5,"href":"https:\/\/www.cidadesdomeubrasil.com.br\/blog\/wp-json\/wp\/v2\/posts\/969\/revisions"}],"predecessor-version":[{"id":51293,"href":"https:\/\/www.cidadesdomeubrasil.com.br\/blog\/wp-json\/wp\/v2\/posts\/969\/revisions\/51293"}],"wp:featuredmedia":[{"embeddable":true,"href":"https:\/\/www.cidadesdomeubrasil.com.br\/blog\/wp-json\/wp\/v2\/media\/970"}],"wp:attachment":[{"href":"https:\/\/www.cidadesdomeubrasil.com.br\/blog\/wp-json\/wp\/v2\/media?parent=969"}],"wp:term":[{"taxonomy":"category","embeddable":true,"href":"https:\/\/www.cidadesdomeubrasil.com.br\/blog\/wp-json\/wp\/v2\/categories?post=969"},{"taxonomy":"post_tag","embeddable":true,"href":"https:\/\/www.cidadesdomeubrasil.com.br\/blog\/wp-json\/wp\/v2\/tags?post=969"}],"curies":[{"name":"wp","href":"https:\/\/api.w.org\/{rel}","templated":true}]}}