{"id":52578,"date":"2024-03-15T12:34:28","date_gmt":"2024-03-15T12:34:28","guid":{"rendered":"https:\/\/www.cidadesdomeubrasil.com.br\/blog\/?p=52578"},"modified":"2024-03-15T12:36:50","modified_gmt":"2024-03-15T12:36:50","slug":"pesquisadora-representa-brasil-em-evento-norte-americano","status":"publish","type":"post","link":"https:\/\/www.cidadesdomeubrasil.com.br\/blog\/pesquisadora-representa-brasil-em-evento-norte-americano\/","title":{"rendered":"Pesquisadora representa Brasil em evento norte-americano"},"content":{"rendered":"<div dir=\"ltr\">\n<div><span style=\"font-family: arial, sans-serif\"><span style=\"font-family: arial, sans-serif\">A Missouri State Univ<\/span><\/span><span style=\"font-family: arial, sans-serif\">ersity convidou pesquisadores e acad\u00eamicos para um evento que marcou um momento hist\u00f3rico no mundo acad\u00eamico do Brasil, Bol\u00edvia e da Am\u00e9rica Latina. Na \u00faltima quarta-feira (13), a universidade e os acad\u00eamicos de Mestrados norte-americanos apresentaram seus trabalhos finais para profissionais representando pa\u00edses da Am\u00e9rica Latina, incluindo o Brasil.<\/span><\/div>\n<p><span style=\"font-family: arial, sans-serif\"><br \/>\nA\u00a0pesquisadora<\/span>\u00a0<a href=\"https:\/\/www.instagram.com\/dra.simons?igsh=MW5zZHM3dWYzOXhnbg==&amp;utm_source=qr\" target=\"_blank\" rel=\"noopener\" data-saferedirecturl=\"https:\/\/www.google.com\/url?q=https:\/\/www.instagram.com\/dra.simons?igsh%3DMW5zZHM3dWYzOXhnbg%3D%3D%26utm_source%3Dqr&amp;source=gmail&amp;ust=1710591807198000&amp;usg=AOvVaw0jBdjbNqoO7NQ5_7ljpUlX\">Dra. Claudia Simons<\/a>\u00a0do CPAH &#8211; Centro de Pesquisa e An\u00e1lises Her\u00e1clito para pa\u00edses de idioma espanhol, esteve presente no evento para acompanhar de perto este marco na educa\u00e7\u00e3o latino-americana. \u201cFico feliz pelo convite, esse momento \u00e9 muito especial para pesquisadores e profissionais da Am\u00e9rica Latina e fiquei honrada em representar o Brasil na Bol\u00edvia.\u00a0Assistimos a mestrados\u00a0de sa\u00fade, administra\u00e7\u00e3o e outros temas\u201d afirma Claudia.<\/p>\n<\/div>\n<div dir=\"ltr\"><span style=\"font-family: arial, sans-serif\"><span style=\"font-family: arial, sans-serif\"><br \/>\nO evento aconteceu no Sal\u00e3o\u00a0Auditorio\u00a0Mart\u00edn C\u00e1rdenas da Universidade UDABOL, em Santa Cruz de la Sierra, \u00e0s 19h. A presen\u00e7a do Presidente da Missouri State University e de representantes da Embaixada dos Estados Unidos deu destaque \u00e0 ocasi\u00e3o.<\/span><\/span>A participa\u00e7\u00e3o de nomes latino-americanos foi fundamental para o sucesso desta iniciativa t\u00e3o significativa para a comunidade acad\u00eamica da regi\u00e3o.<\/p>\n<\/div>\n<div dir=\"ltr\"><\/div>\n<div dir=\"ltr\">\n<div id=\":ol\" class=\"ii gt\">\n<div id=\":om\" class=\"a3s aiL \">\n<div dir=\"ltr\">\n<div>\n<div>\n<div dir=\"ltr\">\n<div>\n<p dir=\"ltr\">Sobre <a href=\"https:\/\/www.instagram.com\/dra.simons?igsh=MW5zZHM3dWYzOXhnbg==&amp;utm_source=qr\" target=\"_blank\" rel=\"noopener\" data-saferedirecturl=\"https:\/\/www.google.com\/url?q=https:\/\/www.instagram.com\/dra.simons?igsh%3DMW5zZHM3dWYzOXhnbg%3D%3D%26utm_source%3Dqr&amp;source=gmail&amp;ust=1710591807198000&amp;usg=AOvVaw0jBdjbNqoO7NQ5_7ljpUlX\">Dra. Claudia Patr\u00edcia Simons<\/a><\/p>\n<p dir=\"ltr\">M\u00e9dica com Mestrado em Sa\u00fade P\u00fablica, Gest\u00e3o da sa\u00fade e Ensino Superior. P\u00f3s-graduada em Neuroci\u00eancias e bacharel em Odontologia. Doutoranda em Neuroci\u00eancias na Logos University International. Coordenadora de conte\u00fado do Centro de Pesquisa e An\u00e1lise Her\u00e1clito CPAH para pa\u00edses de l\u00edngua espanhola. Coordenadora de P\u00f3s-Gradua\u00e7\u00e3o em Neuroci\u00eancias e inova\u00e7\u00e3o educacional, da Unidade de P\u00f3s-Gradua\u00e7\u00e3o da Universidade Privada Franz Tamayo e do projeto de pesquisa \u201cTransformando a educa\u00e7\u00e3o na Bol\u00edvia\u201d do CPAH.<\/p>\n<\/div>\n<p><span style=\"font-family: arial, sans-serif\"><b>Texto: Nicoli Martinazzo<\/b><\/span><\/p>\n<p class=\"jetpack-slideshow-noscript robots-nocontent\">Este slideshow necessita de JavaScript.<\/p><div id=\"gallery-52578-1-slideshow\" class=\"jetpack-slideshow-window jetpack-slideshow jetpack-slideshow-black\" data-trans=\"fade\" data-autostart=\"1\" data-gallery=\"[{&quot;src&quot;:&quot;https:\\\/\\\/www.cidadesdomeubrasil.com.br\\\/blog\\\/wp-content\\\/uploads\\\/2024\\\/03\\\/Claudia-Simons-4-scaled.jpg&quot;,&quot;id&quot;:&quot;52580&quot;,&quot;title&quot;:&quot;Claudia Simons 4&quot;,&quot;alt&quot;:&quot;&quot;,&quot;caption&quot;:&quot;&quot;,&quot;itemprop&quot;:&quot;image&quot;},{&quot;src&quot;:&quot;https:\\\/\\\/www.cidadesdomeubrasil.com.br\\\/blog\\\/wp-content\\\/uploads\\\/2024\\\/03\\\/Claudia-Simons-3-scaled.jpg&quot;,&quot;id&quot;:&quot;52581&quot;,&quot;title&quot;:&quot;Claudia Simons 3&quot;,&quot;alt&quot;:&quot;&quot;,&quot;caption&quot;:&quot;&quot;,&quot;itemprop&quot;:&quot;image&quot;},{&quot;src&quot;:&quot;https:\\\/\\\/www.cidadesdomeubrasil.com.br\\\/blog\\\/wp-content\\\/uploads\\\/2024\\\/03\\\/Claudia-Simons-2-scaled.jpg&quot;,&quot;id&quot;:&quot;52582&quot;,&quot;title&quot;:&quot;Claudia Simons 2&quot;,&quot;alt&quot;:&quot;&quot;,&quot;caption&quot;:&quot;&quot;,&quot;itemprop&quot;:&quot;image&quot;},{&quot;src&quot;:&quot;https:\\\/\\\/www.cidadesdomeubrasil.com.br\\\/blog\\\/wp-content\\\/uploads\\\/2024\\\/03\\\/Claudia-Simons-scaled.jpg&quot;,&quot;id&quot;:&quot;52583&quot;,&quot;title&quot;:&quot;Claudia Simons&quot;,&quot;alt&quot;:&quot;&quot;,&quot;caption&quot;:&quot;&quot;,&quot;itemprop&quot;:&quot;image&quot;},{&quot;src&quot;:&quot;https:\\\/\\\/www.cidadesdomeubrasil.com.br\\\/blog\\\/wp-content\\\/uploads\\\/2024\\\/03\\\/Pesquisadora-representa-Brasil-em-evento-norte-americano-1.jpeg&quot;,&quot;id&quot;:&quot;52584&quot;,&quot;title&quot;:&quot;Pesquisadora representa Brasil em evento norte-americano 1&quot;,&quot;alt&quot;:&quot;&quot;,&quot;caption&quot;:&quot;&quot;,&quot;itemprop&quot;:&quot;image&quot;},{&quot;src&quot;:&quot;https:\\\/\\\/www.cidadesdomeubrasil.com.br\\\/blog\\\/wp-content\\\/uploads\\\/2024\\\/03\\\/Pesquisadora-representa-Brasil-em-evento-norte-americano-2.jpeg&quot;,&quot;id&quot;:&quot;52585&quot;,&quot;title&quot;:&quot;Pesquisadora representa Brasil em evento norte-americano 2&quot;,&quot;alt&quot;:&quot;&quot;,&quot;caption&quot;:&quot;&quot;,&quot;itemprop&quot;:&quot;image&quot;},{&quot;src&quot;:&quot;https:\\\/\\\/www.cidadesdomeubrasil.com.br\\\/blog\\\/wp-content\\\/uploads\\\/2024\\\/03\\\/Pesquisadora-representa-Brasil-em-evento-norte-americano-3.jpeg&quot;,&quot;id&quot;:&quot;52586&quot;,&quot;title&quot;:&quot;Pesquisadora representa Brasil em evento norte-americano 3&quot;,&quot;alt&quot;:&quot;&quot;,&quot;caption&quot;:&quot;&quot;,&quot;itemprop&quot;:&quot;image&quot;},{&quot;src&quot;:&quot;https:\\\/\\\/www.cidadesdomeubrasil.com.br\\\/blog\\\/wp-content\\\/uploads\\\/2024\\\/03\\\/Pesquisadora-representa-Brasil-em-evento-norte-americano-4.jpeg&quot;,&quot;id&quot;:&quot;52587&quot;,&quot;title&quot;:&quot;Pesquisadora representa Brasil em evento norte-americano 4&quot;,&quot;alt&quot;:&quot;&quot;,&quot;caption&quot;:&quot;&quot;,&quot;itemprop&quot;:&quot;image&quot;},{&quot;src&quot;:&quot;https:\\\/\\\/www.cidadesdomeubrasil.com.br\\\/blog\\\/wp-content\\\/uploads\\\/2024\\\/03\\\/Pesquisadora-representa-Brasil-em-evento-norte-americano-5.jpeg&quot;,&quot;id&quot;:&quot;52588&quot;,&quot;title&quot;:&quot;Pesquisadora representa Brasil em evento norte-americano 5&quot;,&quot;alt&quot;:&quot;&quot;,&quot;caption&quot;:&quot;&quot;,&quot;itemprop&quot;:&quot;image&quot;},{&quot;src&quot;:&quot;https:\\\/\\\/www.cidadesdomeubrasil.com.br\\\/blog\\\/wp-content\\\/uploads\\\/2024\\\/03\\\/Pesquisadora-representa-Brasil-em-evento-norte-americano-6.jpeg&quot;,&quot;id&quot;:&quot;52589&quot;,&quot;title&quot;:&quot;Pesquisadora representa Brasil em evento norte-americano 6&quot;,&quot;alt&quot;:&quot;&quot;,&quot;caption&quot;:&quot;&quot;,&quot;itemprop&quot;:&quot;image&quot;}]\" itemscope itemtype=\"https:\/\/schema.org\/ImageGallery\"><\/div>\n<\/div>\n<\/div>\n<\/div>\n<\/div>\n<\/div>\n<\/div>\n<\/div>\n","protected":false},"excerpt":{"rendered":"<p>A Missouri State University convidou pesquisadores e acad\u00eamicos para um evento que marcou um momento hist\u00f3rico no mundo acad\u00eamico do Brasil, Bol\u00edvia e da Am\u00e9rica Latina. Na \u00faltima quarta-feira (13), a universidade e os acad\u00eamicos de Mestrados norte-americanos apresentaram seus trabalhos finais para profissionais representando pa\u00edses da Am\u00e9rica Latina, incluindo o Brasil. A\u00a0pesquisadora\u00a0Dra. Claudia Simons\u00a0do [&hellip;] <a class=\"g1-link g1-link-more\" href=\"https:\/\/www.cidadesdomeubrasil.com.br\/blog\/pesquisadora-representa-brasil-em-evento-norte-americano\/\">Mais<\/a><\/p>\n","protected":false},"author":4441,"featured_media":52581,"comment_status":"open","ping_status":"open","sticky":false,"template":"","format":"standard","meta":{"jetpack_post_was_ever_published":false,"_jetpack_newsletter_access":"","_jetpack_dont_email_post_to_subs":false,"_jetpack_newsletter_tier_id":0,"_jetpack_memberships_contains_paywalled_content":false,"fifu_image_url":"","fifu_image_alt":"","_jetpack_memberships_contains_paid_content":false,"footnotes":"","jetpack_publicize_message":"","jetpack_publicize_feature_enabled":true,"jetpack_social_post_already_shared":true,"jetpack_social_options":{"image_generator_settings":{"template":"highway","default_image_id":0,"font":"","enabled":false},"version":2}},"categories":[162],"tags":[920,444,260,921,922],"class_list":{"0":"post-52578","1":"post","2":"type-post","3":"status-publish","4":"format-standard","5":"has-post-thumbnail","7":"category-educacao","8":"tag-bolivia","9":"tag-brasil","10":"tag-educacao","11":"tag-estados-unidos","12":"tag-usa"},"yoast_head":"<!-- This site is optimized with the Yoast SEO plugin v26.5 - https:\/\/yoast.com\/wordpress\/plugins\/seo\/ -->\n<title>Pesquisadora representa Brasil em evento norte-americano - Blog Brasil<\/title>\n<meta name=\"robots\" content=\"index, follow, max-snippet:-1, max-image-preview:large, max-video-preview:-1\" \/>\n<link rel=\"canonical\" href=\"https:\/\/www.cidadesdomeubrasil.com.br\/blog\/pesquisadora-representa-brasil-em-evento-norte-americano\/\" \/>\n<meta property=\"og:locale\" content=\"pt_BR\" \/>\n<meta property=\"og:type\" content=\"article\" \/>\n<meta property=\"og:title\" content=\"Pesquisadora representa Brasil em evento norte-americano - Blog Brasil\" \/>\n<meta property=\"og:description\" content=\"A Missouri State University convidou pesquisadores e acad\u00eamicos para um evento que marcou um momento hist\u00f3rico no mundo acad\u00eamico do Brasil, Bol\u00edvia e da Am\u00e9rica Latina. Na \u00faltima quarta-feira (13), a universidade e os acad\u00eamicos de Mestrados norte-americanos apresentaram seus trabalhos finais para profissionais representando pa\u00edses da Am\u00e9rica Latina, incluindo o Brasil. A\u00a0pesquisadora\u00a0Dra. Claudia Simons\u00a0do [&hellip;] Mais\" \/>\n<meta property=\"og:url\" content=\"https:\/\/www.cidadesdomeubrasil.com.br\/blog\/pesquisadora-representa-brasil-em-evento-norte-americano\/\" \/>\n<meta property=\"og:site_name\" content=\"Blog Brasil\" \/>\n<meta property=\"article:publisher\" content=\"https:\/\/web.facebook.com\/cidades.do.meu.Brasil\" \/>\n<meta property=\"article:published_time\" content=\"2024-03-15T12:34:28+00:00\" \/>\n<meta property=\"article:modified_time\" content=\"2024-03-15T12:36:50+00:00\" \/>\n<meta property=\"og:image\" content=\"http:\/\/www.cidadesdomeubrasil.com.br\/blog\/wp-content\/uploads\/2024\/03\/Claudia-Simons-3-scaled.jpg\" \/>\n\t<meta property=\"og:image:width\" content=\"1707\" \/>\n\t<meta property=\"og:image:height\" content=\"2560\" \/>\n\t<meta property=\"og:image:type\" content=\"image\/jpeg\" \/>\n<meta name=\"author\" content=\"Nicoli Martinazzo\" \/>\n<meta name=\"twitter:card\" content=\"summary_large_image\" \/>\n<meta name=\"twitter:label1\" content=\"Escrito por\" \/>\n\t<meta name=\"twitter:data1\" content=\"Nicoli Martinazzo\" \/>\n\t<meta name=\"twitter:label2\" content=\"Est. tempo de leitura\" \/>\n\t<meta name=\"twitter:data2\" content=\"2 minutos\" \/>\n<script type=\"application\/ld+json\" class=\"yoast-schema-graph\">{\"@context\":\"https:\/\/schema.org\",\"@graph\":[{\"@type\":\"Article\",\"@id\":\"https:\/\/www.cidadesdomeubrasil.com.br\/blog\/pesquisadora-representa-brasil-em-evento-norte-americano\/#article\",\"isPartOf\":{\"@id\":\"https:\/\/www.cidadesdomeubrasil.com.br\/blog\/pesquisadora-representa-brasil-em-evento-norte-americano\/\"},\"author\":{\"name\":\"Nicoli Martinazzo\",\"@id\":\"https:\/\/www.cidadesdomeubrasil.com.br\/blog\/#\/schema\/person\/fc038e692598c8283a8058cba7bc3fc5\"},\"headline\":\"Pesquisadora representa Brasil em evento norte-americano\",\"datePublished\":\"2024-03-15T12:34:28+00:00\",\"dateModified\":\"2024-03-15T12:36:50+00:00\",\"mainEntityOfPage\":{\"@id\":\"https:\/\/www.cidadesdomeubrasil.com.br\/blog\/pesquisadora-representa-brasil-em-evento-norte-americano\/\"},\"wordCount\":315,\"commentCount\":0,\"publisher\":{\"@id\":\"https:\/\/www.cidadesdomeubrasil.com.br\/blog\/#organization\"},\"image\":{\"@id\":\"https:\/\/www.cidadesdomeubrasil.com.br\/blog\/pesquisadora-representa-brasil-em-evento-norte-americano\/#primaryimage\"},\"thumbnailUrl\":\"https:\/\/www.cidadesdomeubrasil.com.br\/blog\/wp-content\/uploads\/2024\/03\/Claudia-Simons-3-scaled.jpg\",\"keywords\":[\"Bol\u00edvia\",\"Brasil\",\"educacao\",\"Estados Unidos\",\"USA\"],\"articleSection\":[\"Educa\u00e7\u00e3o\"],\"inLanguage\":\"pt-BR\",\"potentialAction\":[{\"@type\":\"CommentAction\",\"name\":\"Comment\",\"target\":[\"https:\/\/www.cidadesdomeubrasil.com.br\/blog\/pesquisadora-representa-brasil-em-evento-norte-americano\/#respond\"]}],\"copyrightYear\":\"2024\",\"copyrightHolder\":{\"@id\":\"https:\/\/www.cidadesdomeubrasil.com.br\/blog\/#organization\"}},{\"@type\":\"WebPage\",\"@id\":\"https:\/\/www.cidadesdomeubrasil.com.br\/blog\/pesquisadora-representa-brasil-em-evento-norte-americano\/\",\"url\":\"https:\/\/www.cidadesdomeubrasil.com.br\/blog\/pesquisadora-representa-brasil-em-evento-norte-americano\/\",\"name\":\"Pesquisadora representa Brasil em evento norte-americano - Blog Brasil\",\"isPartOf\":{\"@id\":\"https:\/\/www.cidadesdomeubrasil.com.br\/blog\/#website\"},\"primaryImageOfPage\":{\"@id\":\"https:\/\/www.cidadesdomeubrasil.com.br\/blog\/pesquisadora-representa-brasil-em-evento-norte-americano\/#primaryimage\"},\"image\":{\"@id\":\"https:\/\/www.cidadesdomeubrasil.com.br\/blog\/pesquisadora-representa-brasil-em-evento-norte-americano\/#primaryimage\"},\"thumbnailUrl\":\"https:\/\/www.cidadesdomeubrasil.com.br\/blog\/wp-content\/uploads\/2024\/03\/Claudia-Simons-3-scaled.jpg\",\"datePublished\":\"2024-03-15T12:34:28+00:00\",\"dateModified\":\"2024-03-15T12:36:50+00:00\",\"breadcrumb\":{\"@id\":\"https:\/\/www.cidadesdomeubrasil.com.br\/blog\/pesquisadora-representa-brasil-em-evento-norte-americano\/#breadcrumb\"},\"inLanguage\":\"pt-BR\",\"potentialAction\":[{\"@type\":\"ReadAction\",\"target\":[\"https:\/\/www.cidadesdomeubrasil.com.br\/blog\/pesquisadora-representa-brasil-em-evento-norte-americano\/\"]}]},{\"@type\":\"ImageObject\",\"inLanguage\":\"pt-BR\",\"@id\":\"https:\/\/www.cidadesdomeubrasil.com.br\/blog\/pesquisadora-representa-brasil-em-evento-norte-americano\/#primaryimage\",\"url\":\"https:\/\/www.cidadesdomeubrasil.com.br\/blog\/wp-content\/uploads\/2024\/03\/Claudia-Simons-3-scaled.jpg\",\"contentUrl\":\"https:\/\/www.cidadesdomeubrasil.com.br\/blog\/wp-content\/uploads\/2024\/03\/Claudia-Simons-3-scaled.jpg\",\"width\":1707,\"height\":2560},{\"@type\":\"BreadcrumbList\",\"@id\":\"https:\/\/www.cidadesdomeubrasil.com.br\/blog\/pesquisadora-representa-brasil-em-evento-norte-americano\/#breadcrumb\",\"itemListElement\":[{\"@type\":\"ListItem\",\"position\":1,\"name\":\"In\u00edcio\",\"item\":\"https:\/\/www.cidadesdomeubrasil.com.br\/blog\/\"},{\"@type\":\"ListItem\",\"position\":2,\"name\":\"Pesquisadora representa Brasil em evento norte-americano\"}]},{\"@type\":\"WebSite\",\"@id\":\"https:\/\/www.cidadesdomeubrasil.com.br\/blog\/#website\",\"url\":\"https:\/\/www.cidadesdomeubrasil.com.br\/blog\/\",\"name\":\"Blog Brasil\",\"description\":\"Utilidade P\u00fablica, Turismo e tudo mais para voc\u00ea!\",\"publisher\":{\"@id\":\"https:\/\/www.cidadesdomeubrasil.com.br\/blog\/#organization\"},\"potentialAction\":[{\"@type\":\"SearchAction\",\"target\":{\"@type\":\"EntryPoint\",\"urlTemplate\":\"https:\/\/www.cidadesdomeubrasil.com.br\/blog\/?s={search_term_string}\"},\"query-input\":{\"@type\":\"PropertyValueSpecification\",\"valueRequired\":true,\"valueName\":\"search_term_string\"}}],\"inLanguage\":\"pt-BR\"},{\"@type\":[\"Organization\",\"Place\"],\"@id\":\"https:\/\/www.cidadesdomeubrasil.com.br\/blog\/#organization\",\"name\":\"Cidades do meu Brasil\",\"url\":\"https:\/\/www.cidadesdomeubrasil.com.br\/blog\/\",\"logo\":{\"@id\":\"https:\/\/www.cidadesdomeubrasil.com.br\/blog\/pesquisadora-representa-brasil-em-evento-norte-americano\/#local-main-organization-logo\"},\"image\":{\"@id\":\"https:\/\/www.cidadesdomeubrasil.com.br\/blog\/pesquisadora-representa-brasil-em-evento-norte-americano\/#local-main-organization-logo\"},\"sameAs\":[\"https:\/\/web.facebook.com\/cidades.do.meu.Brasil\",\"https:\/\/www.youtube.com\/channel\/UCCA5Gj67lVNVC4eJFQu4rnA\"],\"openingHoursSpecification\":[{\"@type\":\"OpeningHoursSpecification\",\"dayOfWeek\":[\"Sunday\",\"Monday\",\"Tuesday\",\"Wednesday\",\"Thursday\",\"Friday\",\"Saturday\"],\"opens\":\"09:00\",\"closes\":\"17:00\"}]},{\"@type\":\"Person\",\"@id\":\"https:\/\/www.cidadesdomeubrasil.com.br\/blog\/#\/schema\/person\/fc038e692598c8283a8058cba7bc3fc5\",\"name\":\"Nicoli Martinazzo\",\"image\":{\"@type\":\"ImageObject\",\"inLanguage\":\"pt-BR\",\"@id\":\"https:\/\/www.cidadesdomeubrasil.com.br\/blog\/#\/schema\/person\/image\/\",\"url\":\"https:\/\/secure.gravatar.com\/avatar\/e05ea1440fd22a3ed7f13c63e49a2af1c0fc925bafef39c0c5f1f33fab31bd50?s=96&d=mm&r=g\",\"contentUrl\":\"https:\/\/secure.gravatar.com\/avatar\/e05ea1440fd22a3ed7f13c63e49a2af1c0fc925bafef39c0c5f1f33fab31bd50?s=96&d=mm&r=g\",\"caption\":\"Nicoli Martinazzo\"},\"description\":\"Uma jornalista apaixonada por comunica\u00e7\u00e3o, com experi\u00eancia em assessoria de imprensa, reda\u00e7\u00e3o e gest\u00e3o de m\u00eddias sociais! \ud83e\udd20 Como uma profissional especializada em reda\u00e7\u00e3o criativa e produ\u00e7\u00e3o de conte\u00fado, estou sempre buscando inovar e encontrar novas formas de surpreender e cativar a audi\u00eancia, seja em portugu\u00eas ou em ingl\u00eas! :) Posso ajudar a sua marca a se destacar e alcan\u00e7ar os objetivos de comunica\u00e7\u00e3o! Como heavy user de Instagram, TikTok e Youtube, estou sempre atenta \u00e0s novidades e tend\u00eancias das plataformas, utilizando esse conhecimento para desenvolver estrat\u00e9gias criativas e efetivas de marketing digital.\",\"sameAs\":[\"https:\/\/www.linkedin.com\/in\/nicoli-martinazzo-917712269\/\"],\"url\":\"https:\/\/www.cidadesdomeubrasil.com.br\/blog\/author\/nicole\/\"},{\"@type\":\"ImageObject\",\"inLanguage\":\"pt-BR\",\"@id\":\"https:\/\/www.cidadesdomeubrasil.com.br\/blog\/pesquisadora-representa-brasil-em-evento-norte-americano\/#local-main-organization-logo\",\"url\":\"https:\/\/www.cidadesdomeubrasil.com.br\/blog\/wp-content\/uploads\/2015\/11\/logo.png\",\"contentUrl\":\"https:\/\/www.cidadesdomeubrasil.com.br\/blog\/wp-content\/uploads\/2015\/11\/logo.png\",\"width\":347,\"height\":80,\"caption\":\"Cidades do meu Brasil\"}]}<\/script>\n<!-- \/ Yoast SEO plugin. -->","yoast_head_json":{"title":"Pesquisadora representa Brasil em evento norte-americano - Blog Brasil","robots":{"index":"index","follow":"follow","max-snippet":"max-snippet:-1","max-image-preview":"max-image-preview:large","max-video-preview":"max-video-preview:-1"},"canonical":"https:\/\/www.cidadesdomeubrasil.com.br\/blog\/pesquisadora-representa-brasil-em-evento-norte-americano\/","og_locale":"pt_BR","og_type":"article","og_title":"Pesquisadora representa Brasil em evento norte-americano - Blog Brasil","og_description":"A Missouri State University convidou pesquisadores e acad\u00eamicos para um evento que marcou um momento hist\u00f3rico no mundo acad\u00eamico do Brasil, Bol\u00edvia e da Am\u00e9rica Latina. Na \u00faltima quarta-feira (13), a universidade e os acad\u00eamicos de Mestrados norte-americanos apresentaram seus trabalhos finais para profissionais representando pa\u00edses da Am\u00e9rica Latina, incluindo o Brasil. A\u00a0pesquisadora\u00a0Dra. Claudia Simons\u00a0do [&hellip;] Mais","og_url":"https:\/\/www.cidadesdomeubrasil.com.br\/blog\/pesquisadora-representa-brasil-em-evento-norte-americano\/","og_site_name":"Blog Brasil","article_publisher":"https:\/\/web.facebook.com\/cidades.do.meu.Brasil","article_published_time":"2024-03-15T12:34:28+00:00","article_modified_time":"2024-03-15T12:36:50+00:00","og_image":[{"width":1707,"height":2560,"url":"http:\/\/www.cidadesdomeubrasil.com.br\/blog\/wp-content\/uploads\/2024\/03\/Claudia-Simons-3-scaled.jpg","type":"image\/jpeg"}],"author":"Nicoli Martinazzo","twitter_card":"summary_large_image","twitter_misc":{"Escrito por":"Nicoli Martinazzo","Est. tempo de leitura":"2 minutos"},"schema":{"@context":"https:\/\/schema.org","@graph":[{"@type":"Article","@id":"https:\/\/www.cidadesdomeubrasil.com.br\/blog\/pesquisadora-representa-brasil-em-evento-norte-americano\/#article","isPartOf":{"@id":"https:\/\/www.cidadesdomeubrasil.com.br\/blog\/pesquisadora-representa-brasil-em-evento-norte-americano\/"},"author":{"name":"Nicoli Martinazzo","@id":"https:\/\/www.cidadesdomeubrasil.com.br\/blog\/#\/schema\/person\/fc038e692598c8283a8058cba7bc3fc5"},"headline":"Pesquisadora representa Brasil em evento norte-americano","datePublished":"2024-03-15T12:34:28+00:00","dateModified":"2024-03-15T12:36:50+00:00","mainEntityOfPage":{"@id":"https:\/\/www.cidadesdomeubrasil.com.br\/blog\/pesquisadora-representa-brasil-em-evento-norte-americano\/"},"wordCount":315,"commentCount":0,"publisher":{"@id":"https:\/\/www.cidadesdomeubrasil.com.br\/blog\/#organization"},"image":{"@id":"https:\/\/www.cidadesdomeubrasil.com.br\/blog\/pesquisadora-representa-brasil-em-evento-norte-americano\/#primaryimage"},"thumbnailUrl":"https:\/\/www.cidadesdomeubrasil.com.br\/blog\/wp-content\/uploads\/2024\/03\/Claudia-Simons-3-scaled.jpg","keywords":["Bol\u00edvia","Brasil","educacao","Estados Unidos","USA"],"articleSection":["Educa\u00e7\u00e3o"],"inLanguage":"pt-BR","potentialAction":[{"@type":"CommentAction","name":"Comment","target":["https:\/\/www.cidadesdomeubrasil.com.br\/blog\/pesquisadora-representa-brasil-em-evento-norte-americano\/#respond"]}],"copyrightYear":"2024","copyrightHolder":{"@id":"https:\/\/www.cidadesdomeubrasil.com.br\/blog\/#organization"}},{"@type":"WebPage","@id":"https:\/\/www.cidadesdomeubrasil.com.br\/blog\/pesquisadora-representa-brasil-em-evento-norte-americano\/","url":"https:\/\/www.cidadesdomeubrasil.com.br\/blog\/pesquisadora-representa-brasil-em-evento-norte-americano\/","name":"Pesquisadora representa Brasil em evento norte-americano - Blog Brasil","isPartOf":{"@id":"https:\/\/www.cidadesdomeubrasil.com.br\/blog\/#website"},"primaryImageOfPage":{"@id":"https:\/\/www.cidadesdomeubrasil.com.br\/blog\/pesquisadora-representa-brasil-em-evento-norte-americano\/#primaryimage"},"image":{"@id":"https:\/\/www.cidadesdomeubrasil.com.br\/blog\/pesquisadora-representa-brasil-em-evento-norte-americano\/#primaryimage"},"thumbnailUrl":"https:\/\/www.cidadesdomeubrasil.com.br\/blog\/wp-content\/uploads\/2024\/03\/Claudia-Simons-3-scaled.jpg","datePublished":"2024-03-15T12:34:28+00:00","dateModified":"2024-03-15T12:36:50+00:00","breadcrumb":{"@id":"https:\/\/www.cidadesdomeubrasil.com.br\/blog\/pesquisadora-representa-brasil-em-evento-norte-americano\/#breadcrumb"},"inLanguage":"pt-BR","potentialAction":[{"@type":"ReadAction","target":["https:\/\/www.cidadesdomeubrasil.com.br\/blog\/pesquisadora-representa-brasil-em-evento-norte-americano\/"]}]},{"@type":"ImageObject","inLanguage":"pt-BR","@id":"https:\/\/www.cidadesdomeubrasil.com.br\/blog\/pesquisadora-representa-brasil-em-evento-norte-americano\/#primaryimage","url":"https:\/\/www.cidadesdomeubrasil.com.br\/blog\/wp-content\/uploads\/2024\/03\/Claudia-Simons-3-scaled.jpg","contentUrl":"https:\/\/www.cidadesdomeubrasil.com.br\/blog\/wp-content\/uploads\/2024\/03\/Claudia-Simons-3-scaled.jpg","width":1707,"height":2560},{"@type":"BreadcrumbList","@id":"https:\/\/www.cidadesdomeubrasil.com.br\/blog\/pesquisadora-representa-brasil-em-evento-norte-americano\/#breadcrumb","itemListElement":[{"@type":"ListItem","position":1,"name":"In\u00edcio","item":"https:\/\/www.cidadesdomeubrasil.com.br\/blog\/"},{"@type":"ListItem","position":2,"name":"Pesquisadora representa Brasil em evento norte-americano"}]},{"@type":"WebSite","@id":"https:\/\/www.cidadesdomeubrasil.com.br\/blog\/#website","url":"https:\/\/www.cidadesdomeubrasil.com.br\/blog\/","name":"Blog Brasil","description":"Utilidade P\u00fablica, Turismo e tudo mais para voc\u00ea!","publisher":{"@id":"https:\/\/www.cidadesdomeubrasil.com.br\/blog\/#organization"},"potentialAction":[{"@type":"SearchAction","target":{"@type":"EntryPoint","urlTemplate":"https:\/\/www.cidadesdomeubrasil.com.br\/blog\/?s={search_term_string}"},"query-input":{"@type":"PropertyValueSpecification","valueRequired":true,"valueName":"search_term_string"}}],"inLanguage":"pt-BR"},{"@type":["Organization","Place"],"@id":"https:\/\/www.cidadesdomeubrasil.com.br\/blog\/#organization","name":"Cidades do meu Brasil","url":"https:\/\/www.cidadesdomeubrasil.com.br\/blog\/","logo":{"@id":"https:\/\/www.cidadesdomeubrasil.com.br\/blog\/pesquisadora-representa-brasil-em-evento-norte-americano\/#local-main-organization-logo"},"image":{"@id":"https:\/\/www.cidadesdomeubrasil.com.br\/blog\/pesquisadora-representa-brasil-em-evento-norte-americano\/#local-main-organization-logo"},"sameAs":["https:\/\/web.facebook.com\/cidades.do.meu.Brasil","https:\/\/www.youtube.com\/channel\/UCCA5Gj67lVNVC4eJFQu4rnA"],"openingHoursSpecification":[{"@type":"OpeningHoursSpecification","dayOfWeek":["Sunday","Monday","Tuesday","Wednesday","Thursday","Friday","Saturday"],"opens":"09:00","closes":"17:00"}]},{"@type":"Person","@id":"https:\/\/www.cidadesdomeubrasil.com.br\/blog\/#\/schema\/person\/fc038e692598c8283a8058cba7bc3fc5","name":"Nicoli Martinazzo","image":{"@type":"ImageObject","inLanguage":"pt-BR","@id":"https:\/\/www.cidadesdomeubrasil.com.br\/blog\/#\/schema\/person\/image\/","url":"https:\/\/secure.gravatar.com\/avatar\/e05ea1440fd22a3ed7f13c63e49a2af1c0fc925bafef39c0c5f1f33fab31bd50?s=96&d=mm&r=g","contentUrl":"https:\/\/secure.gravatar.com\/avatar\/e05ea1440fd22a3ed7f13c63e49a2af1c0fc925bafef39c0c5f1f33fab31bd50?s=96&d=mm&r=g","caption":"Nicoli Martinazzo"},"description":"Uma jornalista apaixonada por comunica\u00e7\u00e3o, com experi\u00eancia em assessoria de imprensa, reda\u00e7\u00e3o e gest\u00e3o de m\u00eddias sociais! \ud83e\udd20 Como uma profissional especializada em reda\u00e7\u00e3o criativa e produ\u00e7\u00e3o de conte\u00fado, estou sempre buscando inovar e encontrar novas formas de surpreender e cativar a audi\u00eancia, seja em portugu\u00eas ou em ingl\u00eas! :) Posso ajudar a sua marca a se destacar e alcan\u00e7ar os objetivos de comunica\u00e7\u00e3o! Como heavy user de Instagram, TikTok e Youtube, estou sempre atenta \u00e0s novidades e tend\u00eancias das plataformas, utilizando esse conhecimento para desenvolver estrat\u00e9gias criativas e efetivas de marketing digital.","sameAs":["https:\/\/www.linkedin.com\/in\/nicoli-martinazzo-917712269\/"],"url":"https:\/\/www.cidadesdomeubrasil.com.br\/blog\/author\/nicole\/"},{"@type":"ImageObject","inLanguage":"pt-BR","@id":"https:\/\/www.cidadesdomeubrasil.com.br\/blog\/pesquisadora-representa-brasil-em-evento-norte-americano\/#local-main-organization-logo","url":"https:\/\/www.cidadesdomeubrasil.com.br\/blog\/wp-content\/uploads\/2015\/11\/logo.png","contentUrl":"https:\/\/www.cidadesdomeubrasil.com.br\/blog\/wp-content\/uploads\/2015\/11\/logo.png","width":347,"height":80,"caption":"Cidades do meu Brasil"}]}},"jetpack_publicize_connections":[],"jetpack_featured_media_url":"https:\/\/www.cidadesdomeubrasil.com.br\/blog\/wp-content\/uploads\/2024\/03\/Claudia-Simons-3-scaled.jpg","wps_subtitle":"Missouri State University apresenta Mestrados Americanos em evento exclusivo para a Am\u00e9rica Latina","jetpack_shortlink":"https:\/\/wp.me\/p52h2W-dG2","jetpack_sharing_enabled":true,"_links":{"self":[{"href":"https:\/\/www.cidadesdomeubrasil.com.br\/blog\/wp-json\/wp\/v2\/posts\/52578","targetHints":{"allow":["GET"]}}],"collection":[{"href":"https:\/\/www.cidadesdomeubrasil.com.br\/blog\/wp-json\/wp\/v2\/posts"}],"about":[{"href":"https:\/\/www.cidadesdomeubrasil.com.br\/blog\/wp-json\/wp\/v2\/types\/post"}],"author":[{"embeddable":true,"href":"https:\/\/www.cidadesdomeubrasil.com.br\/blog\/wp-json\/wp\/v2\/users\/4441"}],"replies":[{"embeddable":true,"href":"https:\/\/www.cidadesdomeubrasil.com.br\/blog\/wp-json\/wp\/v2\/comments?post=52578"}],"version-history":[{"count":2,"href":"https:\/\/www.cidadesdomeubrasil.com.br\/blog\/wp-json\/wp\/v2\/posts\/52578\/revisions"}],"predecessor-version":[{"id":52591,"href":"https:\/\/www.cidadesdomeubrasil.com.br\/blog\/wp-json\/wp\/v2\/posts\/52578\/revisions\/52591"}],"wp:featuredmedia":[{"embeddable":true,"href":"https:\/\/www.cidadesdomeubrasil.com.br\/blog\/wp-json\/wp\/v2\/media\/52581"}],"wp:attachment":[{"href":"https:\/\/www.cidadesdomeubrasil.com.br\/blog\/wp-json\/wp\/v2\/media?parent=52578"}],"wp:term":[{"taxonomy":"category","embeddable":true,"href":"https:\/\/www.cidadesdomeubrasil.com.br\/blog\/wp-json\/wp\/v2\/categories?post=52578"},{"taxonomy":"post_tag","embeddable":true,"href":"https:\/\/www.cidadesdomeubrasil.com.br\/blog\/wp-json\/wp\/v2\/tags?post=52578"}],"curies":[{"name":"wp","href":"https:\/\/api.w.org\/{rel}","templated":true}]}}