{"id":51699,"date":"2023-09-09T01:08:58","date_gmt":"2023-09-09T01:08:58","guid":{"rendered":"https:\/\/www.cidadesdomeubrasil.com.br\/blog\/?p=51699"},"modified":"2023-09-08T17:21:17","modified_gmt":"2023-09-08T17:21:17","slug":"9-de-setembro-dia-dos-administradores","status":"publish","type":"post","link":"https:\/\/www.cidadesdomeubrasil.com.br\/blog\/9-de-setembro-dia-dos-administradores\/","title":{"rendered":"9 de setembro, dia dos Administradores"},"content":{"rendered":"<p class=\"v1MsoNormal\">No dia 9 de setembro, celebramos o Dia dos Administradores, uma data que marca os 58 anos da regulamenta\u00e7\u00e3o da profiss\u00e3o, um marco que trouxe organiza\u00e7\u00e3o e excel\u00eancia para o campo da Administra\u00e7\u00e3o. Neste dia especial, queremos parabenizar todos os profissionais e estudantes que se dedicam a diversas \u00e1reas da Administra\u00e7\u00e3o, incluindo Recursos Humanos, Finan\u00e7as, Marketing, Tecnologia da Informa\u00e7\u00e3o, Log\u00edstica e muitas outras.<\/p>\n<p class=\"v1MsoNormal\"><strong><a href=\"https:\/\/legislacao.presidencia.gov.br\/atos\/?tipo=LEI&amp;numero=4769&amp;ano=1965&amp;ato=eedMTQ61UeZRVTe3e\">A Lei Federal 4.769<\/a><\/strong>, assinada em 09 de setembro de 1965, estabeleceu \u00e1reas privativas e exclusivas para os Administradores, garantindo a qualidade e a \u00e9tica no exerc\u00edcio dessas atividades. Hoje, mais de 110 \u00e1reas s\u00e3o protegidas por essa lei, demonstrando a amplitude e a import\u00e2ncia da profiss\u00e3o de Administrador.<\/p>\n<p class=\"v1MsoNormal\">\u00c9 impressionante notar que, de acordo com dados do Instituto Nacional de Estudos e Pesquisas Educacionais An\u00edsio Teixeira (INEP), em 2020, 1.829.579 pessoas se matricularam em cursos de Administra\u00e7\u00e3o e \u00e1reas correlatas. Esse n\u00famero expressivo reflete a relev\u00e2ncia e a demanda por profissionais capacitados em Administra\u00e7\u00e3o.<\/p>\n<p class=\"v1MsoNormal\">O Administrador Fernando \u00c1rias nos lembra que essa data foi escolhida para relembrar a assinatura da lei que regulamentou a profiss\u00e3o. A Lei 4769\/65 estabelece a obrigatoriedade do registro no Conselho Regional de Administra\u00e7\u00e3o (CRA) para empresas e profissionais que atuam em \u00e1reas relacionadas \u00e0 Administra\u00e7\u00e3o. Esse registro \u00e9 essencial para garantir a seguran\u00e7a das empresas, dos profissionais e da sociedade como um todo, uma vez que s\u00e3o orientados e fiscalizados pelos Conselhos Federal e Regionais de Administra\u00e7\u00e3o.<\/p>\n<p class=\"v1MsoNormal\">Assim como em outras profiss\u00f5es, como advocacia, medicina e engenharia, o registro no CRA \u00e9 fundamental para atuar legalmente no campo da Administra\u00e7\u00e3o. A aus\u00eancia desse registro, seja por empresas ou profissionais, acarreta multas e san\u00e7\u00f5es, prejudicando a sociedade e promovendo a clandestinidade.<\/p>\n<p class=\"v1MsoNormal\">Destacamos que empresas que contam com profissionais registrados nas \u00e1reas de Administra\u00e7\u00e3o de Pessoas, Finan\u00e7as, Marketing e Log\u00edstica reduzem drasticamente os problemas judiciais com clientes, fornecedores e colaboradores. Por outro lado, a aus\u00eancia desse profissional ou a contrata\u00e7\u00e3o de servi\u00e7os clandestinos sem registro no CRA resulta em custos elevados, com in\u00fameras reclama\u00e7\u00f5es no Procon, Reclame Aqui e processos judiciais nas esferas civil e trabalhista.<\/p>\n<p class=\"v1MsoNormal\">Nas grandes empresas, os departamentos de Compliance e Administra\u00e7\u00e3o de Recursos Humanos exigem o registro no CRA, certid\u00e3o de regularidade profissional e certid\u00e3o de aptid\u00e3o emitidas pelo Conselho Regional de Administra\u00e7\u00e3o. Os departamentos Jur\u00eddicos e Financeiros tamb\u00e9m solicitam a documenta\u00e7\u00e3o do respons\u00e1vel t\u00e9cnico, mitigando riscos empresariais.<\/p>\n<p class=\"v1MsoNormal\">Em suma, parabenizamos todos os Administradores por sua dedica\u00e7\u00e3o, \u00e9tica e contribui\u00e7\u00e3o para a sociedade. Seu trabalho desempenha um papel crucial no sucesso das organiza\u00e7\u00f5es e na constru\u00e7\u00e3o de um ambiente empresarial mais justo e transparente.<\/p>\n<p class=\"v1MsoNormal\">Parab\u00e9ns a todos os Administradores!<\/p>\n<p><a href=\"https:\/\/www.cidadesdomeubrasil.com.br\/blog\/?attachment_id=51700\" rel=\"attachment wp-att-51700\"><img loading=\"lazy\" decoding=\"async\" data-attachment-id=\"51700\" data-permalink=\"https:\/\/www.cidadesdomeubrasil.com.br\/blog\/9-de-setembro-dia-dos-administradores\/crasp04\/\" data-orig-file=\"https:\/\/www.cidadesdomeubrasil.com.br\/blog\/wp-content\/uploads\/2023\/09\/crasp04.jpeg\" data-orig-size=\"1600,1200\" data-comments-opened=\"1\" data-image-meta=\"{&quot;aperture&quot;:&quot;0&quot;,&quot;credit&quot;:&quot;&quot;,&quot;camera&quot;:&quot;&quot;,&quot;caption&quot;:&quot;&quot;,&quot;created_timestamp&quot;:&quot;0&quot;,&quot;copyright&quot;:&quot;&quot;,&quot;focal_length&quot;:&quot;0&quot;,&quot;iso&quot;:&quot;0&quot;,&quot;shutter_speed&quot;:&quot;0&quot;,&quot;title&quot;:&quot;&quot;,&quot;orientation&quot;:&quot;0&quot;}\" data-image-title=\"crasp04\" data-image-description=\"\" data-image-caption=\"\" data-medium-file=\"https:\/\/www.cidadesdomeubrasil.com.br\/blog\/wp-content\/uploads\/2023\/09\/crasp04-300x225.jpeg\" data-large-file=\"https:\/\/www.cidadesdomeubrasil.com.br\/blog\/wp-content\/uploads\/2023\/09\/crasp04-1024x768.jpeg\" class=\"aligncenter size-large wp-image-51700\" src=\"http:\/\/www.cidadesdomeubrasil.com.br\/blog\/wp-content\/uploads\/2023\/09\/crasp04-1024x768.jpeg\" alt=\"\" width=\"662\" height=\"497\" srcset=\"https:\/\/www.cidadesdomeubrasil.com.br\/blog\/wp-content\/uploads\/2023\/09\/crasp04-1024x768.jpeg 1024w, https:\/\/www.cidadesdomeubrasil.com.br\/blog\/wp-content\/uploads\/2023\/09\/crasp04-300x225.jpeg 300w, https:\/\/www.cidadesdomeubrasil.com.br\/blog\/wp-content\/uploads\/2023\/09\/crasp04-768x576.jpeg 768w, https:\/\/www.cidadesdomeubrasil.com.br\/blog\/wp-content\/uploads\/2023\/09\/crasp04-1536x1152.jpeg 1536w, https:\/\/www.cidadesdomeubrasil.com.br\/blog\/wp-content\/uploads\/2023\/09\/crasp04-192x144.jpeg 192w, https:\/\/www.cidadesdomeubrasil.com.br\/blog\/wp-content\/uploads\/2023\/09\/crasp04-384x288.jpeg 384w, https:\/\/www.cidadesdomeubrasil.com.br\/blog\/wp-content\/uploads\/2023\/09\/crasp04-90x67.jpeg 90w, https:\/\/www.cidadesdomeubrasil.com.br\/blog\/wp-content\/uploads\/2023\/09\/crasp04-180x135.jpeg 180w, https:\/\/www.cidadesdomeubrasil.com.br\/blog\/wp-content\/uploads\/2023\/09\/crasp04-561x421.jpeg 561w, https:\/\/www.cidadesdomeubrasil.com.br\/blog\/wp-content\/uploads\/2023\/09\/crasp04-1122x842.jpeg 1122w, https:\/\/www.cidadesdomeubrasil.com.br\/blog\/wp-content\/uploads\/2023\/09\/crasp04-265x199.jpeg 265w, https:\/\/www.cidadesdomeubrasil.com.br\/blog\/wp-content\/uploads\/2023\/09\/crasp04-531x398.jpeg 531w, https:\/\/www.cidadesdomeubrasil.com.br\/blog\/wp-content\/uploads\/2023\/09\/crasp04-364x273.jpeg 364w, https:\/\/www.cidadesdomeubrasil.com.br\/blog\/wp-content\/uploads\/2023\/09\/crasp04-728x546.jpeg 728w, https:\/\/www.cidadesdomeubrasil.com.br\/blog\/wp-content\/uploads\/2023\/09\/crasp04-608x456.jpeg 608w, https:\/\/www.cidadesdomeubrasil.com.br\/blog\/wp-content\/uploads\/2023\/09\/crasp04-758x569.jpeg 758w, https:\/\/www.cidadesdomeubrasil.com.br\/blog\/wp-content\/uploads\/2023\/09\/crasp04-1152x864.jpeg 1152w, https:\/\/www.cidadesdomeubrasil.com.br\/blog\/wp-content\/uploads\/2023\/09\/crasp04-560x420.jpeg 560w, https:\/\/www.cidadesdomeubrasil.com.br\/blog\/wp-content\/uploads\/2023\/09\/crasp04-320x240.jpeg 320w, https:\/\/www.cidadesdomeubrasil.com.br\/blog\/wp-content\/uploads\/2023\/09\/crasp04.jpeg 1600w\" sizes=\"auto, (max-width: 662px) 100vw, 662px\" \/><\/a><\/p>\n<p class=\"v1MsoNormal\">Adm. Fernando Arias<\/p>\n<p class=\"v1MsoNormal\">Perito Administrador<\/p>\n<p class=\"v1MsoNormal\">LinkedIn:<\/p>\n<p class=\"v1MsoNormal\"><a href=\"https:\/\/www.linkedin.com\/in\/fernando-arias-3265a939\/\" target=\"_blank\" rel=\"noopener noreferrer\">https:\/\/www.linkedin.com\/in\/fernando-arias-3265a939\/<\/a><\/p>\n<p class=\"v1MsoNormal\">Instagram<\/p>\n<p class=\"v1MsoNormal\"><a href=\"http:\/\/www.instagram\/pro.pericia\" target=\"_blank\" rel=\"noopener noreferrer\">www.instagram\/pro.pericia<\/a><\/p>\n","protected":false},"excerpt":{"rendered":"<p>No dia 9 de setembro, celebramos o Dia dos Administradores, uma data que marca os 58 anos da regulamenta\u00e7\u00e3o da profiss\u00e3o, um marco que trouxe organiza\u00e7\u00e3o e excel\u00eancia para o campo da Administra\u00e7\u00e3o. Neste dia especial, queremos parabenizar todos os profissionais e estudantes que se dedicam a diversas \u00e1reas da Administra\u00e7\u00e3o, incluindo Recursos Humanos, Finan\u00e7as, [&hellip;] <a class=\"g1-link g1-link-more\" href=\"https:\/\/www.cidadesdomeubrasil.com.br\/blog\/9-de-setembro-dia-dos-administradores\/\">Mais<\/a><\/p>\n","protected":false},"author":1,"featured_media":51700,"comment_status":"open","ping_status":"open","sticky":false,"template":"","format":"standard","meta":{"jetpack_post_was_ever_published":false,"_jetpack_newsletter_access":"","_jetpack_dont_email_post_to_subs":false,"_jetpack_newsletter_tier_id":0,"_jetpack_memberships_contains_paywalled_content":false,"fifu_image_url":"","fifu_image_alt":"","_jetpack_memberships_contains_paid_content":false,"footnotes":"","jetpack_publicize_message":"","jetpack_publicize_feature_enabled":true,"jetpack_social_post_already_shared":true,"jetpack_social_options":{"image_generator_settings":{"template":"highway","default_image_id":0,"font":"","enabled":false},"version":2}},"categories":[135],"tags":[],"class_list":{"0":"post-51699","1":"post","2":"type-post","3":"status-publish","4":"format-standard","5":"has-post-thumbnail","7":"category-noticias"},"yoast_head":"<!-- This site is optimized with the Yoast SEO plugin v26.5 - https:\/\/yoast.com\/wordpress\/plugins\/seo\/ -->\n<title>9 de setembro, dia dos Administradores - Blog Brasil<\/title>\n<meta name=\"robots\" content=\"index, follow, max-snippet:-1, max-image-preview:large, max-video-preview:-1\" \/>\n<link rel=\"canonical\" href=\"https:\/\/www.cidadesdomeubrasil.com.br\/blog\/9-de-setembro-dia-dos-administradores\/\" \/>\n<meta property=\"og:locale\" content=\"pt_BR\" \/>\n<meta property=\"og:type\" content=\"article\" \/>\n<meta property=\"og:title\" content=\"9 de setembro, dia dos Administradores - Blog Brasil\" \/>\n<meta property=\"og:description\" content=\"No dia 9 de setembro, celebramos o Dia dos Administradores, uma data que marca os 58 anos da regulamenta\u00e7\u00e3o da profiss\u00e3o, um marco que trouxe organiza\u00e7\u00e3o e excel\u00eancia para o campo da Administra\u00e7\u00e3o. Neste dia especial, queremos parabenizar todos os profissionais e estudantes que se dedicam a diversas \u00e1reas da Administra\u00e7\u00e3o, incluindo Recursos Humanos, Finan\u00e7as, [&hellip;] Mais\" \/>\n<meta property=\"og:url\" content=\"https:\/\/www.cidadesdomeubrasil.com.br\/blog\/9-de-setembro-dia-dos-administradores\/\" \/>\n<meta property=\"og:site_name\" content=\"Blog Brasil\" \/>\n<meta property=\"article:publisher\" content=\"https:\/\/web.facebook.com\/cidades.do.meu.Brasil\" \/>\n<meta property=\"article:published_time\" content=\"2023-09-09T01:08:58+00:00\" \/>\n<meta property=\"og:image\" content=\"https:\/\/www.cidadesdomeubrasil.com.br\/blog\/wp-content\/uploads\/2023\/09\/crasp04.jpeg\" \/>\n\t<meta property=\"og:image:width\" content=\"1600\" \/>\n\t<meta property=\"og:image:height\" content=\"1200\" \/>\n\t<meta property=\"og:image:type\" content=\"image\/jpeg\" \/>\n<meta name=\"author\" content=\"Ivanilton Quinto\" \/>\n<meta name=\"twitter:card\" content=\"summary_large_image\" \/>\n<meta name=\"twitter:label1\" content=\"Escrito por\" \/>\n\t<meta name=\"twitter:data1\" content=\"Ivanilton Quinto\" \/>\n\t<meta name=\"twitter:label2\" content=\"Est. tempo de leitura\" \/>\n\t<meta name=\"twitter:data2\" content=\"3 minutos\" \/>\n<script type=\"application\/ld+json\" class=\"yoast-schema-graph\">{\"@context\":\"https:\/\/schema.org\",\"@graph\":[{\"@type\":\"Article\",\"@id\":\"https:\/\/www.cidadesdomeubrasil.com.br\/blog\/9-de-setembro-dia-dos-administradores\/#article\",\"isPartOf\":{\"@id\":\"https:\/\/www.cidadesdomeubrasil.com.br\/blog\/9-de-setembro-dia-dos-administradores\/\"},\"author\":{\"name\":\"Ivanilton Quinto\",\"@id\":\"https:\/\/www.cidadesdomeubrasil.com.br\/blog\/#\/schema\/person\/f8f35823b0b1385a41d219538417b376\"},\"headline\":\"9 de setembro, dia dos Administradores\",\"datePublished\":\"2023-09-09T01:08:58+00:00\",\"mainEntityOfPage\":{\"@id\":\"https:\/\/www.cidadesdomeubrasil.com.br\/blog\/9-de-setembro-dia-dos-administradores\/\"},\"wordCount\":491,\"commentCount\":0,\"publisher\":{\"@id\":\"https:\/\/www.cidadesdomeubrasil.com.br\/blog\/#organization\"},\"image\":{\"@id\":\"https:\/\/www.cidadesdomeubrasil.com.br\/blog\/9-de-setembro-dia-dos-administradores\/#primaryimage\"},\"thumbnailUrl\":\"https:\/\/www.cidadesdomeubrasil.com.br\/blog\/wp-content\/uploads\/2023\/09\/crasp04.jpeg\",\"articleSection\":[\"Not\u00edcias\"],\"inLanguage\":\"pt-BR\",\"potentialAction\":[{\"@type\":\"CommentAction\",\"name\":\"Comment\",\"target\":[\"https:\/\/www.cidadesdomeubrasil.com.br\/blog\/9-de-setembro-dia-dos-administradores\/#respond\"]}],\"copyrightYear\":\"2023\",\"copyrightHolder\":{\"@id\":\"https:\/\/www.cidadesdomeubrasil.com.br\/blog\/#organization\"}},{\"@type\":\"WebPage\",\"@id\":\"https:\/\/www.cidadesdomeubrasil.com.br\/blog\/9-de-setembro-dia-dos-administradores\/\",\"url\":\"https:\/\/www.cidadesdomeubrasil.com.br\/blog\/9-de-setembro-dia-dos-administradores\/\",\"name\":\"9 de setembro, dia dos Administradores - Blog Brasil\",\"isPartOf\":{\"@id\":\"https:\/\/www.cidadesdomeubrasil.com.br\/blog\/#website\"},\"primaryImageOfPage\":{\"@id\":\"https:\/\/www.cidadesdomeubrasil.com.br\/blog\/9-de-setembro-dia-dos-administradores\/#primaryimage\"},\"image\":{\"@id\":\"https:\/\/www.cidadesdomeubrasil.com.br\/blog\/9-de-setembro-dia-dos-administradores\/#primaryimage\"},\"thumbnailUrl\":\"https:\/\/www.cidadesdomeubrasil.com.br\/blog\/wp-content\/uploads\/2023\/09\/crasp04.jpeg\",\"datePublished\":\"2023-09-09T01:08:58+00:00\",\"breadcrumb\":{\"@id\":\"https:\/\/www.cidadesdomeubrasil.com.br\/blog\/9-de-setembro-dia-dos-administradores\/#breadcrumb\"},\"inLanguage\":\"pt-BR\",\"potentialAction\":[{\"@type\":\"ReadAction\",\"target\":[\"https:\/\/www.cidadesdomeubrasil.com.br\/blog\/9-de-setembro-dia-dos-administradores\/\"]}]},{\"@type\":\"ImageObject\",\"inLanguage\":\"pt-BR\",\"@id\":\"https:\/\/www.cidadesdomeubrasil.com.br\/blog\/9-de-setembro-dia-dos-administradores\/#primaryimage\",\"url\":\"https:\/\/www.cidadesdomeubrasil.com.br\/blog\/wp-content\/uploads\/2023\/09\/crasp04.jpeg\",\"contentUrl\":\"https:\/\/www.cidadesdomeubrasil.com.br\/blog\/wp-content\/uploads\/2023\/09\/crasp04.jpeg\",\"width\":1600,\"height\":1200},{\"@type\":\"BreadcrumbList\",\"@id\":\"https:\/\/www.cidadesdomeubrasil.com.br\/blog\/9-de-setembro-dia-dos-administradores\/#breadcrumb\",\"itemListElement\":[{\"@type\":\"ListItem\",\"position\":1,\"name\":\"In\u00edcio\",\"item\":\"https:\/\/www.cidadesdomeubrasil.com.br\/blog\/\"},{\"@type\":\"ListItem\",\"position\":2,\"name\":\"9 de setembro, dia dos Administradores\"}]},{\"@type\":\"WebSite\",\"@id\":\"https:\/\/www.cidadesdomeubrasil.com.br\/blog\/#website\",\"url\":\"https:\/\/www.cidadesdomeubrasil.com.br\/blog\/\",\"name\":\"Blog Brasil\",\"description\":\"Utilidade P\u00fablica, Turismo e tudo mais para voc\u00ea!\",\"publisher\":{\"@id\":\"https:\/\/www.cidadesdomeubrasil.com.br\/blog\/#organization\"},\"potentialAction\":[{\"@type\":\"SearchAction\",\"target\":{\"@type\":\"EntryPoint\",\"urlTemplate\":\"https:\/\/www.cidadesdomeubrasil.com.br\/blog\/?s={search_term_string}\"},\"query-input\":{\"@type\":\"PropertyValueSpecification\",\"valueRequired\":true,\"valueName\":\"search_term_string\"}}],\"inLanguage\":\"pt-BR\"},{\"@type\":[\"Organization\",\"Place\"],\"@id\":\"https:\/\/www.cidadesdomeubrasil.com.br\/blog\/#organization\",\"name\":\"Cidades do meu Brasil\",\"url\":\"https:\/\/www.cidadesdomeubrasil.com.br\/blog\/\",\"logo\":{\"@id\":\"https:\/\/www.cidadesdomeubrasil.com.br\/blog\/9-de-setembro-dia-dos-administradores\/#local-main-organization-logo\"},\"image\":{\"@id\":\"https:\/\/www.cidadesdomeubrasil.com.br\/blog\/9-de-setembro-dia-dos-administradores\/#local-main-organization-logo\"},\"sameAs\":[\"https:\/\/web.facebook.com\/cidades.do.meu.Brasil\",\"https:\/\/www.youtube.com\/channel\/UCCA5Gj67lVNVC4eJFQu4rnA\"],\"openingHoursSpecification\":[{\"@type\":\"OpeningHoursSpecification\",\"dayOfWeek\":[\"Sunday\",\"Monday\",\"Tuesday\",\"Wednesday\",\"Thursday\",\"Friday\",\"Saturday\"],\"opens\":\"09:00\",\"closes\":\"17:00\"}]},{\"@type\":\"Person\",\"@id\":\"https:\/\/www.cidadesdomeubrasil.com.br\/blog\/#\/schema\/person\/f8f35823b0b1385a41d219538417b376\",\"name\":\"Ivanilton Quinto\",\"image\":{\"@type\":\"ImageObject\",\"inLanguage\":\"pt-BR\",\"@id\":\"https:\/\/www.cidadesdomeubrasil.com.br\/blog\/#\/schema\/person\/image\/\",\"url\":\"https:\/\/secure.gravatar.com\/avatar\/d4a6bbbb044495ea3dee705b21e752a5ddf248daa09a8e01e21909cf3ae695b0?s=96&d=mm&r=g\",\"contentUrl\":\"https:\/\/secure.gravatar.com\/avatar\/d4a6bbbb044495ea3dee705b21e752a5ddf248daa09a8e01e21909cf3ae695b0?s=96&d=mm&r=g\",\"caption\":\"Ivanilton Quinto\"},\"description\":\"Te\u00f3logo e Empreendedor digital\",\"url\":\"https:\/\/www.cidadesdomeubrasil.com.br\/blog\/author\/ivan\/\"},{\"@type\":\"ImageObject\",\"inLanguage\":\"pt-BR\",\"@id\":\"https:\/\/www.cidadesdomeubrasil.com.br\/blog\/9-de-setembro-dia-dos-administradores\/#local-main-organization-logo\",\"url\":\"https:\/\/www.cidadesdomeubrasil.com.br\/blog\/wp-content\/uploads\/2015\/11\/logo.png\",\"contentUrl\":\"https:\/\/www.cidadesdomeubrasil.com.br\/blog\/wp-content\/uploads\/2015\/11\/logo.png\",\"width\":347,\"height\":80,\"caption\":\"Cidades do meu Brasil\"}]}<\/script>\n<!-- \/ Yoast SEO plugin. -->","yoast_head_json":{"title":"9 de setembro, dia dos Administradores - Blog Brasil","robots":{"index":"index","follow":"follow","max-snippet":"max-snippet:-1","max-image-preview":"max-image-preview:large","max-video-preview":"max-video-preview:-1"},"canonical":"https:\/\/www.cidadesdomeubrasil.com.br\/blog\/9-de-setembro-dia-dos-administradores\/","og_locale":"pt_BR","og_type":"article","og_title":"9 de setembro, dia dos Administradores - Blog Brasil","og_description":"No dia 9 de setembro, celebramos o Dia dos Administradores, uma data que marca os 58 anos da regulamenta\u00e7\u00e3o da profiss\u00e3o, um marco que trouxe organiza\u00e7\u00e3o e excel\u00eancia para o campo da Administra\u00e7\u00e3o. Neste dia especial, queremos parabenizar todos os profissionais e estudantes que se dedicam a diversas \u00e1reas da Administra\u00e7\u00e3o, incluindo Recursos Humanos, Finan\u00e7as, [&hellip;] Mais","og_url":"https:\/\/www.cidadesdomeubrasil.com.br\/blog\/9-de-setembro-dia-dos-administradores\/","og_site_name":"Blog Brasil","article_publisher":"https:\/\/web.facebook.com\/cidades.do.meu.Brasil","article_published_time":"2023-09-09T01:08:58+00:00","og_image":[{"width":1600,"height":1200,"url":"https:\/\/www.cidadesdomeubrasil.com.br\/blog\/wp-content\/uploads\/2023\/09\/crasp04.jpeg","type":"image\/jpeg"}],"author":"Ivanilton Quinto","twitter_card":"summary_large_image","twitter_misc":{"Escrito por":"Ivanilton Quinto","Est. tempo de leitura":"3 minutos"},"schema":{"@context":"https:\/\/schema.org","@graph":[{"@type":"Article","@id":"https:\/\/www.cidadesdomeubrasil.com.br\/blog\/9-de-setembro-dia-dos-administradores\/#article","isPartOf":{"@id":"https:\/\/www.cidadesdomeubrasil.com.br\/blog\/9-de-setembro-dia-dos-administradores\/"},"author":{"name":"Ivanilton Quinto","@id":"https:\/\/www.cidadesdomeubrasil.com.br\/blog\/#\/schema\/person\/f8f35823b0b1385a41d219538417b376"},"headline":"9 de setembro, dia dos Administradores","datePublished":"2023-09-09T01:08:58+00:00","mainEntityOfPage":{"@id":"https:\/\/www.cidadesdomeubrasil.com.br\/blog\/9-de-setembro-dia-dos-administradores\/"},"wordCount":491,"commentCount":0,"publisher":{"@id":"https:\/\/www.cidadesdomeubrasil.com.br\/blog\/#organization"},"image":{"@id":"https:\/\/www.cidadesdomeubrasil.com.br\/blog\/9-de-setembro-dia-dos-administradores\/#primaryimage"},"thumbnailUrl":"https:\/\/www.cidadesdomeubrasil.com.br\/blog\/wp-content\/uploads\/2023\/09\/crasp04.jpeg","articleSection":["Not\u00edcias"],"inLanguage":"pt-BR","potentialAction":[{"@type":"CommentAction","name":"Comment","target":["https:\/\/www.cidadesdomeubrasil.com.br\/blog\/9-de-setembro-dia-dos-administradores\/#respond"]}],"copyrightYear":"2023","copyrightHolder":{"@id":"https:\/\/www.cidadesdomeubrasil.com.br\/blog\/#organization"}},{"@type":"WebPage","@id":"https:\/\/www.cidadesdomeubrasil.com.br\/blog\/9-de-setembro-dia-dos-administradores\/","url":"https:\/\/www.cidadesdomeubrasil.com.br\/blog\/9-de-setembro-dia-dos-administradores\/","name":"9 de setembro, dia dos Administradores - Blog Brasil","isPartOf":{"@id":"https:\/\/www.cidadesdomeubrasil.com.br\/blog\/#website"},"primaryImageOfPage":{"@id":"https:\/\/www.cidadesdomeubrasil.com.br\/blog\/9-de-setembro-dia-dos-administradores\/#primaryimage"},"image":{"@id":"https:\/\/www.cidadesdomeubrasil.com.br\/blog\/9-de-setembro-dia-dos-administradores\/#primaryimage"},"thumbnailUrl":"https:\/\/www.cidadesdomeubrasil.com.br\/blog\/wp-content\/uploads\/2023\/09\/crasp04.jpeg","datePublished":"2023-09-09T01:08:58+00:00","breadcrumb":{"@id":"https:\/\/www.cidadesdomeubrasil.com.br\/blog\/9-de-setembro-dia-dos-administradores\/#breadcrumb"},"inLanguage":"pt-BR","potentialAction":[{"@type":"ReadAction","target":["https:\/\/www.cidadesdomeubrasil.com.br\/blog\/9-de-setembro-dia-dos-administradores\/"]}]},{"@type":"ImageObject","inLanguage":"pt-BR","@id":"https:\/\/www.cidadesdomeubrasil.com.br\/blog\/9-de-setembro-dia-dos-administradores\/#primaryimage","url":"https:\/\/www.cidadesdomeubrasil.com.br\/blog\/wp-content\/uploads\/2023\/09\/crasp04.jpeg","contentUrl":"https:\/\/www.cidadesdomeubrasil.com.br\/blog\/wp-content\/uploads\/2023\/09\/crasp04.jpeg","width":1600,"height":1200},{"@type":"BreadcrumbList","@id":"https:\/\/www.cidadesdomeubrasil.com.br\/blog\/9-de-setembro-dia-dos-administradores\/#breadcrumb","itemListElement":[{"@type":"ListItem","position":1,"name":"In\u00edcio","item":"https:\/\/www.cidadesdomeubrasil.com.br\/blog\/"},{"@type":"ListItem","position":2,"name":"9 de setembro, dia dos Administradores"}]},{"@type":"WebSite","@id":"https:\/\/www.cidadesdomeubrasil.com.br\/blog\/#website","url":"https:\/\/www.cidadesdomeubrasil.com.br\/blog\/","name":"Blog Brasil","description":"Utilidade P\u00fablica, Turismo e tudo mais para voc\u00ea!","publisher":{"@id":"https:\/\/www.cidadesdomeubrasil.com.br\/blog\/#organization"},"potentialAction":[{"@type":"SearchAction","target":{"@type":"EntryPoint","urlTemplate":"https:\/\/www.cidadesdomeubrasil.com.br\/blog\/?s={search_term_string}"},"query-input":{"@type":"PropertyValueSpecification","valueRequired":true,"valueName":"search_term_string"}}],"inLanguage":"pt-BR"},{"@type":["Organization","Place"],"@id":"https:\/\/www.cidadesdomeubrasil.com.br\/blog\/#organization","name":"Cidades do meu Brasil","url":"https:\/\/www.cidadesdomeubrasil.com.br\/blog\/","logo":{"@id":"https:\/\/www.cidadesdomeubrasil.com.br\/blog\/9-de-setembro-dia-dos-administradores\/#local-main-organization-logo"},"image":{"@id":"https:\/\/www.cidadesdomeubrasil.com.br\/blog\/9-de-setembro-dia-dos-administradores\/#local-main-organization-logo"},"sameAs":["https:\/\/web.facebook.com\/cidades.do.meu.Brasil","https:\/\/www.youtube.com\/channel\/UCCA5Gj67lVNVC4eJFQu4rnA"],"openingHoursSpecification":[{"@type":"OpeningHoursSpecification","dayOfWeek":["Sunday","Monday","Tuesday","Wednesday","Thursday","Friday","Saturday"],"opens":"09:00","closes":"17:00"}]},{"@type":"Person","@id":"https:\/\/www.cidadesdomeubrasil.com.br\/blog\/#\/schema\/person\/f8f35823b0b1385a41d219538417b376","name":"Ivanilton Quinto","image":{"@type":"ImageObject","inLanguage":"pt-BR","@id":"https:\/\/www.cidadesdomeubrasil.com.br\/blog\/#\/schema\/person\/image\/","url":"https:\/\/secure.gravatar.com\/avatar\/d4a6bbbb044495ea3dee705b21e752a5ddf248daa09a8e01e21909cf3ae695b0?s=96&d=mm&r=g","contentUrl":"https:\/\/secure.gravatar.com\/avatar\/d4a6bbbb044495ea3dee705b21e752a5ddf248daa09a8e01e21909cf3ae695b0?s=96&d=mm&r=g","caption":"Ivanilton Quinto"},"description":"Te\u00f3logo e Empreendedor digital","url":"https:\/\/www.cidadesdomeubrasil.com.br\/blog\/author\/ivan\/"},{"@type":"ImageObject","inLanguage":"pt-BR","@id":"https:\/\/www.cidadesdomeubrasil.com.br\/blog\/9-de-setembro-dia-dos-administradores\/#local-main-organization-logo","url":"https:\/\/www.cidadesdomeubrasil.com.br\/blog\/wp-content\/uploads\/2015\/11\/logo.png","contentUrl":"https:\/\/www.cidadesdomeubrasil.com.br\/blog\/wp-content\/uploads\/2015\/11\/logo.png","width":347,"height":80,"caption":"Cidades do meu Brasil"}]}},"jetpack_publicize_connections":[],"jetpack_featured_media_url":"https:\/\/www.cidadesdomeubrasil.com.br\/blog\/wp-content\/uploads\/2023\/09\/crasp04.jpeg","wps_subtitle":"","jetpack_shortlink":"https:\/\/wp.me\/p52h2W-drR","jetpack_sharing_enabled":true,"_links":{"self":[{"href":"https:\/\/www.cidadesdomeubrasil.com.br\/blog\/wp-json\/wp\/v2\/posts\/51699","targetHints":{"allow":["GET"]}}],"collection":[{"href":"https:\/\/www.cidadesdomeubrasil.com.br\/blog\/wp-json\/wp\/v2\/posts"}],"about":[{"href":"https:\/\/www.cidadesdomeubrasil.com.br\/blog\/wp-json\/wp\/v2\/types\/post"}],"author":[{"embeddable":true,"href":"https:\/\/www.cidadesdomeubrasil.com.br\/blog\/wp-json\/wp\/v2\/users\/1"}],"replies":[{"embeddable":true,"href":"https:\/\/www.cidadesdomeubrasil.com.br\/blog\/wp-json\/wp\/v2\/comments?post=51699"}],"version-history":[{"count":1,"href":"https:\/\/www.cidadesdomeubrasil.com.br\/blog\/wp-json\/wp\/v2\/posts\/51699\/revisions"}],"predecessor-version":[{"id":51701,"href":"https:\/\/www.cidadesdomeubrasil.com.br\/blog\/wp-json\/wp\/v2\/posts\/51699\/revisions\/51701"}],"wp:featuredmedia":[{"embeddable":true,"href":"https:\/\/www.cidadesdomeubrasil.com.br\/blog\/wp-json\/wp\/v2\/media\/51700"}],"wp:attachment":[{"href":"https:\/\/www.cidadesdomeubrasil.com.br\/blog\/wp-json\/wp\/v2\/media?parent=51699"}],"wp:term":[{"taxonomy":"category","embeddable":true,"href":"https:\/\/www.cidadesdomeubrasil.com.br\/blog\/wp-json\/wp\/v2\/categories?post=51699"},{"taxonomy":"post_tag","embeddable":true,"href":"https:\/\/www.cidadesdomeubrasil.com.br\/blog\/wp-json\/wp\/v2\/tags?post=51699"}],"curies":[{"name":"wp","href":"https:\/\/api.w.org\/{rel}","templated":true}]}}