{"id":50331,"date":"2023-03-27T17:52:55","date_gmt":"2023-03-27T17:52:55","guid":{"rendered":"https:\/\/www.cidadesdomeubrasil.com.br\/blog\/?p=50331"},"modified":"2023-03-27T17:52:59","modified_gmt":"2023-03-27T17:52:59","slug":"reforma-administrativa-entenda-os-impactos-e-implicacoes-para-os-servidores-publicos-brasileiros","status":"publish","type":"post","link":"https:\/\/www.cidadesdomeubrasil.com.br\/blog\/reforma-administrativa-entenda-os-impactos-e-implicacoes-para-os-servidores-publicos-brasileiros\/","title":{"rendered":"Reforma Administrativa: Entenda os Impactos e Implica\u00e7\u00f5es para os Servidores P\u00fablicos Brasileiros"},"content":{"rendered":"<div class=\"flex flex-grow flex-col gap-3\">\n<div class=\"min-h-[20px] flex flex-col items-start gap-4 whitespace-pre-wrap\">\n<div class=\"markdown prose w-full break-words dark:prose-invert dark\">\n<p><a href=\"https:\/\/www.cidadesdomeubrasil.com.br\/blog\/reforma-administrativa-entenda-os-impactos-e-implicacoes-para-os-servidores-publicos-brasileiros\/trabalhadores_em_manifesta__o_am_meio_ao_transito_de_carros\/\" rel=\"attachment wp-att-50332\"><img loading=\"lazy\" decoding=\"async\" data-attachment-id=\"50332\" data-permalink=\"https:\/\/www.cidadesdomeubrasil.com.br\/blog\/reforma-administrativa-entenda-os-impactos-e-implicacoes-para-os-servidores-publicos-brasileiros\/trabalhadores_em_manifesta__o_am_meio_ao_transito_de_carros\/\" data-orig-file=\"https:\/\/www.cidadesdomeubrasil.com.br\/blog\/wp-content\/uploads\/2023\/03\/trabalhadores_em_manifesta__o_am_meio_ao_transito_de_carros.jpg\" data-orig-size=\"1000,750\" data-comments-opened=\"1\" data-image-meta=\"{&quot;aperture&quot;:&quot;2.8&quot;,&quot;credit&quot;:&quot;Alf Ribeiro&quot;,&quot;camera&quot;:&quot;HERO5 Black&quot;,&quot;caption&quot;:&quot;Sao Paulo, Brazil, March 16, 2018. Aerial view of the demonstration of municipal civil servants who are against the increase of the discount in the salaries to pay the retirements, in front of the building of the City Hall of Sao Paulo, where a public hearing took place.&quot;,&quot;created_timestamp&quot;:&quot;1521128591&quot;,&quot;copyright&quot;:&quot;ALF Ribeiro&quot;,&quot;focal_length&quot;:&quot;3&quot;,&quot;iso&quot;:&quot;100&quot;,&quot;shutter_speed&quot;:&quot;0.003125&quot;,&quot;title&quot;:&quot;&quot;,&quot;orientation&quot;:&quot;0&quot;}\" data-image-title=\"trabalhadores_em_manifesta__o_am_meio_ao_transito_de_carros\" data-image-description=\"\" data-image-caption=\"&lt;p&gt;Sao Paulo, Brazil, March 16, 2018. Aerial view of the demonstration of municipal civil servants who are against the increase of the discount in the salaries to pay the retirements, in front of the building of the City Hall of Sao Paulo, where a public hearing took place.&lt;\/p&gt;\n\" data-medium-file=\"https:\/\/www.cidadesdomeubrasil.com.br\/blog\/wp-content\/uploads\/2023\/03\/trabalhadores_em_manifesta__o_am_meio_ao_transito_de_carros-300x225.jpg\" data-large-file=\"https:\/\/www.cidadesdomeubrasil.com.br\/blog\/wp-content\/uploads\/2023\/03\/trabalhadores_em_manifesta__o_am_meio_ao_transito_de_carros.jpg\" class=\"aligncenter wp-image-50332\" src=\"http:\/\/www.cidadesdomeubrasil.com.br\/blog\/wp-content\/uploads\/2023\/03\/trabalhadores_em_manifesta__o_am_meio_ao_transito_de_carros.jpg\" alt=\"\" width=\"600\" height=\"450\" srcset=\"https:\/\/www.cidadesdomeubrasil.com.br\/blog\/wp-content\/uploads\/2023\/03\/trabalhadores_em_manifesta__o_am_meio_ao_transito_de_carros.jpg 1000w, https:\/\/www.cidadesdomeubrasil.com.br\/blog\/wp-content\/uploads\/2023\/03\/trabalhadores_em_manifesta__o_am_meio_ao_transito_de_carros-300x225.jpg 300w, https:\/\/www.cidadesdomeubrasil.com.br\/blog\/wp-content\/uploads\/2023\/03\/trabalhadores_em_manifesta__o_am_meio_ao_transito_de_carros-768x576.jpg 768w, https:\/\/www.cidadesdomeubrasil.com.br\/blog\/wp-content\/uploads\/2023\/03\/trabalhadores_em_manifesta__o_am_meio_ao_transito_de_carros-192x144.jpg 192w, https:\/\/www.cidadesdomeubrasil.com.br\/blog\/wp-content\/uploads\/2023\/03\/trabalhadores_em_manifesta__o_am_meio_ao_transito_de_carros-384x288.jpg 384w, https:\/\/www.cidadesdomeubrasil.com.br\/blog\/wp-content\/uploads\/2023\/03\/trabalhadores_em_manifesta__o_am_meio_ao_transito_de_carros-90x67.jpg 90w, https:\/\/www.cidadesdomeubrasil.com.br\/blog\/wp-content\/uploads\/2023\/03\/trabalhadores_em_manifesta__o_am_meio_ao_transito_de_carros-180x135.jpg 180w, https:\/\/www.cidadesdomeubrasil.com.br\/blog\/wp-content\/uploads\/2023\/03\/trabalhadores_em_manifesta__o_am_meio_ao_transito_de_carros-561x421.jpg 561w, https:\/\/www.cidadesdomeubrasil.com.br\/blog\/wp-content\/uploads\/2023\/03\/trabalhadores_em_manifesta__o_am_meio_ao_transito_de_carros-265x199.jpg 265w, https:\/\/www.cidadesdomeubrasil.com.br\/blog\/wp-content\/uploads\/2023\/03\/trabalhadores_em_manifesta__o_am_meio_ao_transito_de_carros-531x398.jpg 531w, https:\/\/www.cidadesdomeubrasil.com.br\/blog\/wp-content\/uploads\/2023\/03\/trabalhadores_em_manifesta__o_am_meio_ao_transito_de_carros-364x273.jpg 364w, https:\/\/www.cidadesdomeubrasil.com.br\/blog\/wp-content\/uploads\/2023\/03\/trabalhadores_em_manifesta__o_am_meio_ao_transito_de_carros-728x546.jpg 728w, https:\/\/www.cidadesdomeubrasil.com.br\/blog\/wp-content\/uploads\/2023\/03\/trabalhadores_em_manifesta__o_am_meio_ao_transito_de_carros-608x456.jpg 608w, https:\/\/www.cidadesdomeubrasil.com.br\/blog\/wp-content\/uploads\/2023\/03\/trabalhadores_em_manifesta__o_am_meio_ao_transito_de_carros-758x569.jpg 758w, https:\/\/www.cidadesdomeubrasil.com.br\/blog\/wp-content\/uploads\/2023\/03\/trabalhadores_em_manifesta__o_am_meio_ao_transito_de_carros-560x420.jpg 560w, https:\/\/www.cidadesdomeubrasil.com.br\/blog\/wp-content\/uploads\/2023\/03\/trabalhadores_em_manifesta__o_am_meio_ao_transito_de_carros-150x113.jpg 150w, https:\/\/www.cidadesdomeubrasil.com.br\/blog\/wp-content\/uploads\/2023\/03\/trabalhadores_em_manifesta__o_am_meio_ao_transito_de_carros-320x240.jpg 320w\" sizes=\"auto, (max-width: 600px) 100vw, 600px\" \/><\/a><\/p>\n<p>A proposta de Reforma Administrativa, que tramita no Congresso Nacional, tem gerado debates acalorados e preocupa\u00e7\u00f5es entre os servidores p\u00fablicos brasileiros. As mudan\u00e7as propostas t\u00eam como objetivo aumentar a efici\u00eancia e a efetividade do servi\u00e7o p\u00fablico, mas tamb\u00e9m afetam diretamente a estabilidade e as condi\u00e7\u00f5es de trabalho dos servidores.<\/p>\n<p>Neste artigo, analisaremos os principais pontos da reforma e suas implica\u00e7\u00f5es para os servidores p\u00fablicos atuais e futuros.<\/p>\n<p>A Reforma Administrativa, apresentada pelo governo federal, pretende alterar as regras para futuros servidores, com a implementa\u00e7\u00e3o de um novo regime jur\u00eddico \u00fanico.<\/p>\n<p>Entre as mudan\u00e7as, est\u00e3o a flexibiliza\u00e7\u00e3o da estabilidade, a cria\u00e7\u00e3o de novos v\u00ednculos e a revis\u00e3o das carreiras. Entretanto, os servidores p\u00fablicos atuais n\u00e3o ser\u00e3o diretamente afetados pelas novas regras.<\/p>\n<p>Um dos aspectos mais pol\u00eamicos da proposta \u00e9 a flexibiliza\u00e7\u00e3o da estabilidade no servi\u00e7o p\u00fablico. Atualmente, ap\u00f3s tr\u00eas anos de est\u00e1gio probat\u00f3rio, os servidores adquirem estabilidade, o que significa que s\u00f3 podem ser demitidos em casos espec\u00edficos e ap\u00f3s processo administrativo.<\/p>\n<p>Com a reforma, a estabilidade seria mantida apenas para algumas carreiras t\u00edpicas de Estado, enquanto outras passariam a ter v\u00ednculos por tempo indeterminado, sem garantia de perman\u00eancia no cargo.<\/p>\n<div class=\"flex flex-grow flex-col gap-3\">\n<div class=\"min-h-[20px] flex flex-col items-start gap-4 whitespace-pre-wrap\">\n<div class=\"markdown prose w-full break-words dark:prose-invert dark\">\n<p>Outra mudan\u00e7a significativa \u00e9 a cria\u00e7\u00e3o de novos v\u00ednculos de trabalho, como o v\u00ednculo por prazo determinado, que funcionar\u00e1 como um contrato tempor\u00e1rio, e o v\u00ednculo de experi\u00eancia, uma fase ap\u00f3s a aprova\u00e7\u00e3o em concurso p\u00fablico, mas antes da efetiva\u00e7\u00e3o no cargo.<\/p>\n<p>Essas altera\u00e7\u00f5es t\u00eam como objetivo ampliar a flexibilidade na contrata\u00e7\u00e3o de servidores e adequar o quadro de pessoal \u00e0s demandas do setor p\u00fablico.<\/p>\n<p>A revis\u00e3o das carreiras tamb\u00e9m faz parte da proposta de reforma. A ideia \u00e9 simplificar e modernizar a estrutura atual, promovendo a meritocracia e a avalia\u00e7\u00e3o de desempenho como crit\u00e9rios para progress\u00e3o e promo\u00e7\u00e3o.<\/p>\n<p>Al\u00e9m disso, a proposta busca estabelecer crit\u00e9rios mais rigorosos para a concess\u00e3o de benef\u00edcios e vantagens, a fim de garantir a isonomia e a racionaliza\u00e7\u00e3o dos gastos p\u00fablicos.<\/p>\n<p>As implica\u00e7\u00f5es da Reforma Administrativa para os servidores p\u00fablicos s\u00e3o diversas. Enquanto os servidores atuais n\u00e3o devem ser diretamente afetados pelas novas regras, o futuro do servi\u00e7o p\u00fablico brasileiro ser\u00e1 moldado pelas mudan\u00e7as propostas.<\/p>\n<p>A flexibiliza\u00e7\u00e3o da estabilidade e a cria\u00e7\u00e3o de novos v\u00ednculos de trabalho podem trazer maior dinamismo \u00e0 administra\u00e7\u00e3o p\u00fablica, mas tamb\u00e9m geram preocupa\u00e7\u00f5es quanto \u00e0 possibilidade de perda de direitos e maior vulnerabilidade dos servidores a press\u00f5es pol\u00edticas.<\/p>\n<div class=\"flex flex-grow flex-col gap-3\">\n<div class=\"min-h-[20px] flex flex-col items-start gap-4 whitespace-pre-wrap\">\n<div class=\"markdown prose w-full break-words dark:prose-invert dark\">\n<p>A revis\u00e3o das carreiras e a \u00eanfase na meritocracia e na avalia\u00e7\u00e3o de desempenho buscam tornar o servi\u00e7o p\u00fablico mais eficiente e alinhado \u00e0s demandas da sociedade.<\/p>\n<p>No entanto, \u00e9 fundamental garantir que os processos de avalia\u00e7\u00e3o sejam justos, transparentes e que n\u00e3o resultem em pr\u00e1ticas discriminat\u00f3rias ou arbitr\u00e1rias.<\/p>\n<p>A Reforma Administrativa \u00e9 um tema complexo e de extrema relev\u00e2ncia para o futuro do servi\u00e7o p\u00fablico no Brasil.<\/p>\n<p>Seu desdobramento depender\u00e1 das discuss\u00f5es e negocia\u00e7\u00f5es no Congresso Nacional e, sobretudo, da capacidade do governo e da sociedade civil de construir um consenso em torno de propostas que garantam a efici\u00eancia e a qualidade dos servi\u00e7os prestados \u00e0 popula\u00e7\u00e3o, sem comprometer os direitos e a dignidade dos servidores p\u00fablicos.<\/p>\n<\/div>\n<\/div>\n<\/div>\n<\/div>\n<\/div>\n<\/div>\n<\/div>\n<\/div>\n<\/div>\n","protected":false},"excerpt":{"rendered":"<p>A proposta de Reforma Administrativa, que tramita no Congresso Nacional, tem gerado debates acalorados e preocupa\u00e7\u00f5es entre os servidores p\u00fablicos brasileiros. As mudan\u00e7as propostas t\u00eam como objetivo aumentar a efici\u00eancia e a efetividade do servi\u00e7o p\u00fablico, mas tamb\u00e9m afetam diretamente a estabilidade e as condi\u00e7\u00f5es de trabalho dos servidores. Neste artigo, analisaremos os principais pontos [&hellip;] <a class=\"g1-link g1-link-more\" href=\"https:\/\/www.cidadesdomeubrasil.com.br\/blog\/reforma-administrativa-entenda-os-impactos-e-implicacoes-para-os-servidores-publicos-brasileiros\/\">Mais<\/a><\/p>\n","protected":false},"author":1,"featured_media":50332,"comment_status":"open","ping_status":"open","sticky":false,"template":"","format":"standard","meta":{"jetpack_post_was_ever_published":false,"_jetpack_newsletter_access":"","_jetpack_dont_email_post_to_subs":false,"_jetpack_newsletter_tier_id":0,"_jetpack_memberships_contains_paywalled_content":false,"fifu_image_url":"","fifu_image_alt":"","_jetpack_memberships_contains_paid_content":false,"footnotes":"","jetpack_publicize_message":"","jetpack_publicize_feature_enabled":true,"jetpack_social_post_already_shared":true,"jetpack_social_options":{"image_generator_settings":{"template":"highway","default_image_id":0,"font":"","enabled":false},"version":2}},"categories":[253],"tags":[],"class_list":{"0":"post-50331","1":"post","2":"type-post","3":"status-publish","4":"format-standard","5":"has-post-thumbnail","7":"category-servidor-publico"},"yoast_head":"<!-- This site is optimized with the Yoast SEO plugin v26.5 - https:\/\/yoast.com\/wordpress\/plugins\/seo\/ -->\n<title>Reforma Administrativa: Entenda os Impactos e Implica\u00e7\u00f5es para os Servidores P\u00fablicos Brasileiros - Blog Brasil<\/title>\n<meta name=\"robots\" content=\"index, follow, max-snippet:-1, max-image-preview:large, max-video-preview:-1\" \/>\n<link rel=\"canonical\" href=\"https:\/\/www.cidadesdomeubrasil.com.br\/blog\/reforma-administrativa-entenda-os-impactos-e-implicacoes-para-os-servidores-publicos-brasileiros\/\" \/>\n<meta property=\"og:locale\" content=\"pt_BR\" \/>\n<meta property=\"og:type\" content=\"article\" \/>\n<meta property=\"og:title\" content=\"Reforma Administrativa: Entenda os Impactos e Implica\u00e7\u00f5es para os Servidores P\u00fablicos Brasileiros - Blog Brasil\" \/>\n<meta property=\"og:description\" content=\"A proposta de Reforma Administrativa, que tramita no Congresso Nacional, tem gerado debates acalorados e preocupa\u00e7\u00f5es entre os servidores p\u00fablicos brasileiros. As mudan\u00e7as propostas t\u00eam como objetivo aumentar a efici\u00eancia e a efetividade do servi\u00e7o p\u00fablico, mas tamb\u00e9m afetam diretamente a estabilidade e as condi\u00e7\u00f5es de trabalho dos servidores. Neste artigo, analisaremos os principais pontos [&hellip;] Mais\" \/>\n<meta property=\"og:url\" content=\"https:\/\/www.cidadesdomeubrasil.com.br\/blog\/reforma-administrativa-entenda-os-impactos-e-implicacoes-para-os-servidores-publicos-brasileiros\/\" \/>\n<meta property=\"og:site_name\" content=\"Blog Brasil\" \/>\n<meta property=\"article:publisher\" content=\"https:\/\/web.facebook.com\/cidades.do.meu.Brasil\" \/>\n<meta property=\"article:published_time\" content=\"2023-03-27T17:52:55+00:00\" \/>\n<meta property=\"article:modified_time\" content=\"2023-03-27T17:52:59+00:00\" \/>\n<meta property=\"og:image\" content=\"http:\/\/www.cidadesdomeubrasil.com.br\/blog\/wp-content\/uploads\/2023\/03\/trabalhadores_em_manifesta__o_am_meio_ao_transito_de_carros.jpg\" \/>\n\t<meta property=\"og:image:width\" content=\"1000\" \/>\n\t<meta property=\"og:image:height\" content=\"750\" \/>\n\t<meta property=\"og:image:type\" content=\"image\/jpeg\" \/>\n<meta name=\"author\" content=\"Ivanilton Quinto\" \/>\n<meta name=\"twitter:card\" content=\"summary_large_image\" \/>\n<meta name=\"twitter:label1\" content=\"Escrito por\" \/>\n\t<meta name=\"twitter:data1\" content=\"Ivanilton Quinto\" \/>\n\t<meta name=\"twitter:label2\" content=\"Est. tempo de leitura\" \/>\n\t<meta name=\"twitter:data2\" content=\"4 minutos\" \/>\n<script type=\"application\/ld+json\" class=\"yoast-schema-graph\">{\"@context\":\"https:\/\/schema.org\",\"@graph\":[{\"@type\":\"Article\",\"@id\":\"https:\/\/www.cidadesdomeubrasil.com.br\/blog\/reforma-administrativa-entenda-os-impactos-e-implicacoes-para-os-servidores-publicos-brasileiros\/#article\",\"isPartOf\":{\"@id\":\"https:\/\/www.cidadesdomeubrasil.com.br\/blog\/reforma-administrativa-entenda-os-impactos-e-implicacoes-para-os-servidores-publicos-brasileiros\/\"},\"author\":{\"name\":\"Ivanilton Quinto\",\"@id\":\"https:\/\/www.cidadesdomeubrasil.com.br\/blog\/#\/schema\/person\/f8f35823b0b1385a41d219538417b376\"},\"headline\":\"Reforma Administrativa: Entenda os Impactos e Implica\u00e7\u00f5es para os Servidores P\u00fablicos Brasileiros\",\"datePublished\":\"2023-03-27T17:52:55+00:00\",\"dateModified\":\"2023-03-27T17:52:59+00:00\",\"mainEntityOfPage\":{\"@id\":\"https:\/\/www.cidadesdomeubrasil.com.br\/blog\/reforma-administrativa-entenda-os-impactos-e-implicacoes-para-os-servidores-publicos-brasileiros\/\"},\"wordCount\":609,\"commentCount\":0,\"publisher\":{\"@id\":\"https:\/\/www.cidadesdomeubrasil.com.br\/blog\/#organization\"},\"image\":{\"@id\":\"https:\/\/www.cidadesdomeubrasil.com.br\/blog\/reforma-administrativa-entenda-os-impactos-e-implicacoes-para-os-servidores-publicos-brasileiros\/#primaryimage\"},\"thumbnailUrl\":\"https:\/\/www.cidadesdomeubrasil.com.br\/blog\/wp-content\/uploads\/2023\/03\/trabalhadores_em_manifesta__o_am_meio_ao_transito_de_carros.jpg\",\"articleSection\":[\"Servidor P\u00fablico\"],\"inLanguage\":\"pt-BR\",\"potentialAction\":[{\"@type\":\"CommentAction\",\"name\":\"Comment\",\"target\":[\"https:\/\/www.cidadesdomeubrasil.com.br\/blog\/reforma-administrativa-entenda-os-impactos-e-implicacoes-para-os-servidores-publicos-brasileiros\/#respond\"]}],\"copyrightYear\":\"2023\",\"copyrightHolder\":{\"@id\":\"https:\/\/www.cidadesdomeubrasil.com.br\/blog\/#organization\"}},{\"@type\":\"WebPage\",\"@id\":\"https:\/\/www.cidadesdomeubrasil.com.br\/blog\/reforma-administrativa-entenda-os-impactos-e-implicacoes-para-os-servidores-publicos-brasileiros\/\",\"url\":\"https:\/\/www.cidadesdomeubrasil.com.br\/blog\/reforma-administrativa-entenda-os-impactos-e-implicacoes-para-os-servidores-publicos-brasileiros\/\",\"name\":\"Reforma Administrativa: Entenda os Impactos e Implica\u00e7\u00f5es para os Servidores P\u00fablicos Brasileiros - Blog Brasil\",\"isPartOf\":{\"@id\":\"https:\/\/www.cidadesdomeubrasil.com.br\/blog\/#website\"},\"primaryImageOfPage\":{\"@id\":\"https:\/\/www.cidadesdomeubrasil.com.br\/blog\/reforma-administrativa-entenda-os-impactos-e-implicacoes-para-os-servidores-publicos-brasileiros\/#primaryimage\"},\"image\":{\"@id\":\"https:\/\/www.cidadesdomeubrasil.com.br\/blog\/reforma-administrativa-entenda-os-impactos-e-implicacoes-para-os-servidores-publicos-brasileiros\/#primaryimage\"},\"thumbnailUrl\":\"https:\/\/www.cidadesdomeubrasil.com.br\/blog\/wp-content\/uploads\/2023\/03\/trabalhadores_em_manifesta__o_am_meio_ao_transito_de_carros.jpg\",\"datePublished\":\"2023-03-27T17:52:55+00:00\",\"dateModified\":\"2023-03-27T17:52:59+00:00\",\"breadcrumb\":{\"@id\":\"https:\/\/www.cidadesdomeubrasil.com.br\/blog\/reforma-administrativa-entenda-os-impactos-e-implicacoes-para-os-servidores-publicos-brasileiros\/#breadcrumb\"},\"inLanguage\":\"pt-BR\",\"potentialAction\":[{\"@type\":\"ReadAction\",\"target\":[\"https:\/\/www.cidadesdomeubrasil.com.br\/blog\/reforma-administrativa-entenda-os-impactos-e-implicacoes-para-os-servidores-publicos-brasileiros\/\"]}]},{\"@type\":\"ImageObject\",\"inLanguage\":\"pt-BR\",\"@id\":\"https:\/\/www.cidadesdomeubrasil.com.br\/blog\/reforma-administrativa-entenda-os-impactos-e-implicacoes-para-os-servidores-publicos-brasileiros\/#primaryimage\",\"url\":\"https:\/\/www.cidadesdomeubrasil.com.br\/blog\/wp-content\/uploads\/2023\/03\/trabalhadores_em_manifesta__o_am_meio_ao_transito_de_carros.jpg\",\"contentUrl\":\"https:\/\/www.cidadesdomeubrasil.com.br\/blog\/wp-content\/uploads\/2023\/03\/trabalhadores_em_manifesta__o_am_meio_ao_transito_de_carros.jpg\",\"width\":1000,\"height\":750,\"caption\":\"Sao Paulo, Brazil, March 16, 2018. Aerial view of the demonstration of municipal civil servants who are against the increase of the discount in the salaries to pay the retirements, in front of the building of the City Hall of Sao Paulo, where a public hearing took place.\"},{\"@type\":\"BreadcrumbList\",\"@id\":\"https:\/\/www.cidadesdomeubrasil.com.br\/blog\/reforma-administrativa-entenda-os-impactos-e-implicacoes-para-os-servidores-publicos-brasileiros\/#breadcrumb\",\"itemListElement\":[{\"@type\":\"ListItem\",\"position\":1,\"name\":\"In\u00edcio\",\"item\":\"https:\/\/www.cidadesdomeubrasil.com.br\/blog\/\"},{\"@type\":\"ListItem\",\"position\":2,\"name\":\"Reforma Administrativa: Entenda os Impactos e Implica\u00e7\u00f5es para os Servidores P\u00fablicos Brasileiros\"}]},{\"@type\":\"WebSite\",\"@id\":\"https:\/\/www.cidadesdomeubrasil.com.br\/blog\/#website\",\"url\":\"https:\/\/www.cidadesdomeubrasil.com.br\/blog\/\",\"name\":\"Blog Brasil\",\"description\":\"Utilidade P\u00fablica, Turismo e tudo mais para voc\u00ea!\",\"publisher\":{\"@id\":\"https:\/\/www.cidadesdomeubrasil.com.br\/blog\/#organization\"},\"potentialAction\":[{\"@type\":\"SearchAction\",\"target\":{\"@type\":\"EntryPoint\",\"urlTemplate\":\"https:\/\/www.cidadesdomeubrasil.com.br\/blog\/?s={search_term_string}\"},\"query-input\":{\"@type\":\"PropertyValueSpecification\",\"valueRequired\":true,\"valueName\":\"search_term_string\"}}],\"inLanguage\":\"pt-BR\"},{\"@type\":[\"Organization\",\"Place\"],\"@id\":\"https:\/\/www.cidadesdomeubrasil.com.br\/blog\/#organization\",\"name\":\"Cidades do meu Brasil\",\"url\":\"https:\/\/www.cidadesdomeubrasil.com.br\/blog\/\",\"logo\":{\"@id\":\"https:\/\/www.cidadesdomeubrasil.com.br\/blog\/reforma-administrativa-entenda-os-impactos-e-implicacoes-para-os-servidores-publicos-brasileiros\/#local-main-organization-logo\"},\"image\":{\"@id\":\"https:\/\/www.cidadesdomeubrasil.com.br\/blog\/reforma-administrativa-entenda-os-impactos-e-implicacoes-para-os-servidores-publicos-brasileiros\/#local-main-organization-logo\"},\"sameAs\":[\"https:\/\/web.facebook.com\/cidades.do.meu.Brasil\",\"https:\/\/www.youtube.com\/channel\/UCCA5Gj67lVNVC4eJFQu4rnA\"],\"openingHoursSpecification\":[{\"@type\":\"OpeningHoursSpecification\",\"dayOfWeek\":[\"Sunday\",\"Monday\",\"Tuesday\",\"Wednesday\",\"Thursday\",\"Friday\",\"Saturday\"],\"opens\":\"09:00\",\"closes\":\"17:00\"}]},{\"@type\":\"Person\",\"@id\":\"https:\/\/www.cidadesdomeubrasil.com.br\/blog\/#\/schema\/person\/f8f35823b0b1385a41d219538417b376\",\"name\":\"Ivanilton Quinto\",\"image\":{\"@type\":\"ImageObject\",\"inLanguage\":\"pt-BR\",\"@id\":\"https:\/\/www.cidadesdomeubrasil.com.br\/blog\/#\/schema\/person\/image\/\",\"url\":\"https:\/\/secure.gravatar.com\/avatar\/d4a6bbbb044495ea3dee705b21e752a5ddf248daa09a8e01e21909cf3ae695b0?s=96&d=mm&r=g\",\"contentUrl\":\"https:\/\/secure.gravatar.com\/avatar\/d4a6bbbb044495ea3dee705b21e752a5ddf248daa09a8e01e21909cf3ae695b0?s=96&d=mm&r=g\",\"caption\":\"Ivanilton Quinto\"},\"description\":\"Te\u00f3logo e Empreendedor digital\",\"url\":\"https:\/\/www.cidadesdomeubrasil.com.br\/blog\/author\/ivan\/\"},{\"@type\":\"ImageObject\",\"inLanguage\":\"pt-BR\",\"@id\":\"https:\/\/www.cidadesdomeubrasil.com.br\/blog\/reforma-administrativa-entenda-os-impactos-e-implicacoes-para-os-servidores-publicos-brasileiros\/#local-main-organization-logo\",\"url\":\"https:\/\/www.cidadesdomeubrasil.com.br\/blog\/wp-content\/uploads\/2015\/11\/logo.png\",\"contentUrl\":\"https:\/\/www.cidadesdomeubrasil.com.br\/blog\/wp-content\/uploads\/2015\/11\/logo.png\",\"width\":347,\"height\":80,\"caption\":\"Cidades do meu Brasil\"}]}<\/script>\n<!-- \/ Yoast SEO plugin. -->","yoast_head_json":{"title":"Reforma Administrativa: Entenda os Impactos e Implica\u00e7\u00f5es para os Servidores P\u00fablicos Brasileiros - Blog Brasil","robots":{"index":"index","follow":"follow","max-snippet":"max-snippet:-1","max-image-preview":"max-image-preview:large","max-video-preview":"max-video-preview:-1"},"canonical":"https:\/\/www.cidadesdomeubrasil.com.br\/blog\/reforma-administrativa-entenda-os-impactos-e-implicacoes-para-os-servidores-publicos-brasileiros\/","og_locale":"pt_BR","og_type":"article","og_title":"Reforma Administrativa: Entenda os Impactos e Implica\u00e7\u00f5es para os Servidores P\u00fablicos Brasileiros - Blog Brasil","og_description":"A proposta de Reforma Administrativa, que tramita no Congresso Nacional, tem gerado debates acalorados e preocupa\u00e7\u00f5es entre os servidores p\u00fablicos brasileiros. As mudan\u00e7as propostas t\u00eam como objetivo aumentar a efici\u00eancia e a efetividade do servi\u00e7o p\u00fablico, mas tamb\u00e9m afetam diretamente a estabilidade e as condi\u00e7\u00f5es de trabalho dos servidores. Neste artigo, analisaremos os principais pontos [&hellip;] Mais","og_url":"https:\/\/www.cidadesdomeubrasil.com.br\/blog\/reforma-administrativa-entenda-os-impactos-e-implicacoes-para-os-servidores-publicos-brasileiros\/","og_site_name":"Blog Brasil","article_publisher":"https:\/\/web.facebook.com\/cidades.do.meu.Brasil","article_published_time":"2023-03-27T17:52:55+00:00","article_modified_time":"2023-03-27T17:52:59+00:00","og_image":[{"width":1000,"height":750,"url":"http:\/\/www.cidadesdomeubrasil.com.br\/blog\/wp-content\/uploads\/2023\/03\/trabalhadores_em_manifesta__o_am_meio_ao_transito_de_carros.jpg","type":"image\/jpeg"}],"author":"Ivanilton Quinto","twitter_card":"summary_large_image","twitter_misc":{"Escrito por":"Ivanilton Quinto","Est. tempo de leitura":"4 minutos"},"schema":{"@context":"https:\/\/schema.org","@graph":[{"@type":"Article","@id":"https:\/\/www.cidadesdomeubrasil.com.br\/blog\/reforma-administrativa-entenda-os-impactos-e-implicacoes-para-os-servidores-publicos-brasileiros\/#article","isPartOf":{"@id":"https:\/\/www.cidadesdomeubrasil.com.br\/blog\/reforma-administrativa-entenda-os-impactos-e-implicacoes-para-os-servidores-publicos-brasileiros\/"},"author":{"name":"Ivanilton Quinto","@id":"https:\/\/www.cidadesdomeubrasil.com.br\/blog\/#\/schema\/person\/f8f35823b0b1385a41d219538417b376"},"headline":"Reforma Administrativa: Entenda os Impactos e Implica\u00e7\u00f5es para os Servidores P\u00fablicos Brasileiros","datePublished":"2023-03-27T17:52:55+00:00","dateModified":"2023-03-27T17:52:59+00:00","mainEntityOfPage":{"@id":"https:\/\/www.cidadesdomeubrasil.com.br\/blog\/reforma-administrativa-entenda-os-impactos-e-implicacoes-para-os-servidores-publicos-brasileiros\/"},"wordCount":609,"commentCount":0,"publisher":{"@id":"https:\/\/www.cidadesdomeubrasil.com.br\/blog\/#organization"},"image":{"@id":"https:\/\/www.cidadesdomeubrasil.com.br\/blog\/reforma-administrativa-entenda-os-impactos-e-implicacoes-para-os-servidores-publicos-brasileiros\/#primaryimage"},"thumbnailUrl":"https:\/\/www.cidadesdomeubrasil.com.br\/blog\/wp-content\/uploads\/2023\/03\/trabalhadores_em_manifesta__o_am_meio_ao_transito_de_carros.jpg","articleSection":["Servidor P\u00fablico"],"inLanguage":"pt-BR","potentialAction":[{"@type":"CommentAction","name":"Comment","target":["https:\/\/www.cidadesdomeubrasil.com.br\/blog\/reforma-administrativa-entenda-os-impactos-e-implicacoes-para-os-servidores-publicos-brasileiros\/#respond"]}],"copyrightYear":"2023","copyrightHolder":{"@id":"https:\/\/www.cidadesdomeubrasil.com.br\/blog\/#organization"}},{"@type":"WebPage","@id":"https:\/\/www.cidadesdomeubrasil.com.br\/blog\/reforma-administrativa-entenda-os-impactos-e-implicacoes-para-os-servidores-publicos-brasileiros\/","url":"https:\/\/www.cidadesdomeubrasil.com.br\/blog\/reforma-administrativa-entenda-os-impactos-e-implicacoes-para-os-servidores-publicos-brasileiros\/","name":"Reforma Administrativa: Entenda os Impactos e Implica\u00e7\u00f5es para os Servidores P\u00fablicos Brasileiros - Blog Brasil","isPartOf":{"@id":"https:\/\/www.cidadesdomeubrasil.com.br\/blog\/#website"},"primaryImageOfPage":{"@id":"https:\/\/www.cidadesdomeubrasil.com.br\/blog\/reforma-administrativa-entenda-os-impactos-e-implicacoes-para-os-servidores-publicos-brasileiros\/#primaryimage"},"image":{"@id":"https:\/\/www.cidadesdomeubrasil.com.br\/blog\/reforma-administrativa-entenda-os-impactos-e-implicacoes-para-os-servidores-publicos-brasileiros\/#primaryimage"},"thumbnailUrl":"https:\/\/www.cidadesdomeubrasil.com.br\/blog\/wp-content\/uploads\/2023\/03\/trabalhadores_em_manifesta__o_am_meio_ao_transito_de_carros.jpg","datePublished":"2023-03-27T17:52:55+00:00","dateModified":"2023-03-27T17:52:59+00:00","breadcrumb":{"@id":"https:\/\/www.cidadesdomeubrasil.com.br\/blog\/reforma-administrativa-entenda-os-impactos-e-implicacoes-para-os-servidores-publicos-brasileiros\/#breadcrumb"},"inLanguage":"pt-BR","potentialAction":[{"@type":"ReadAction","target":["https:\/\/www.cidadesdomeubrasil.com.br\/blog\/reforma-administrativa-entenda-os-impactos-e-implicacoes-para-os-servidores-publicos-brasileiros\/"]}]},{"@type":"ImageObject","inLanguage":"pt-BR","@id":"https:\/\/www.cidadesdomeubrasil.com.br\/blog\/reforma-administrativa-entenda-os-impactos-e-implicacoes-para-os-servidores-publicos-brasileiros\/#primaryimage","url":"https:\/\/www.cidadesdomeubrasil.com.br\/blog\/wp-content\/uploads\/2023\/03\/trabalhadores_em_manifesta__o_am_meio_ao_transito_de_carros.jpg","contentUrl":"https:\/\/www.cidadesdomeubrasil.com.br\/blog\/wp-content\/uploads\/2023\/03\/trabalhadores_em_manifesta__o_am_meio_ao_transito_de_carros.jpg","width":1000,"height":750,"caption":"Sao Paulo, Brazil, March 16, 2018. Aerial view of the demonstration of municipal civil servants who are against the increase of the discount in the salaries to pay the retirements, in front of the building of the City Hall of Sao Paulo, where a public hearing took place."},{"@type":"BreadcrumbList","@id":"https:\/\/www.cidadesdomeubrasil.com.br\/blog\/reforma-administrativa-entenda-os-impactos-e-implicacoes-para-os-servidores-publicos-brasileiros\/#breadcrumb","itemListElement":[{"@type":"ListItem","position":1,"name":"In\u00edcio","item":"https:\/\/www.cidadesdomeubrasil.com.br\/blog\/"},{"@type":"ListItem","position":2,"name":"Reforma Administrativa: Entenda os Impactos e Implica\u00e7\u00f5es para os Servidores P\u00fablicos Brasileiros"}]},{"@type":"WebSite","@id":"https:\/\/www.cidadesdomeubrasil.com.br\/blog\/#website","url":"https:\/\/www.cidadesdomeubrasil.com.br\/blog\/","name":"Blog Brasil","description":"Utilidade P\u00fablica, Turismo e tudo mais para voc\u00ea!","publisher":{"@id":"https:\/\/www.cidadesdomeubrasil.com.br\/blog\/#organization"},"potentialAction":[{"@type":"SearchAction","target":{"@type":"EntryPoint","urlTemplate":"https:\/\/www.cidadesdomeubrasil.com.br\/blog\/?s={search_term_string}"},"query-input":{"@type":"PropertyValueSpecification","valueRequired":true,"valueName":"search_term_string"}}],"inLanguage":"pt-BR"},{"@type":["Organization","Place"],"@id":"https:\/\/www.cidadesdomeubrasil.com.br\/blog\/#organization","name":"Cidades do meu Brasil","url":"https:\/\/www.cidadesdomeubrasil.com.br\/blog\/","logo":{"@id":"https:\/\/www.cidadesdomeubrasil.com.br\/blog\/reforma-administrativa-entenda-os-impactos-e-implicacoes-para-os-servidores-publicos-brasileiros\/#local-main-organization-logo"},"image":{"@id":"https:\/\/www.cidadesdomeubrasil.com.br\/blog\/reforma-administrativa-entenda-os-impactos-e-implicacoes-para-os-servidores-publicos-brasileiros\/#local-main-organization-logo"},"sameAs":["https:\/\/web.facebook.com\/cidades.do.meu.Brasil","https:\/\/www.youtube.com\/channel\/UCCA5Gj67lVNVC4eJFQu4rnA"],"openingHoursSpecification":[{"@type":"OpeningHoursSpecification","dayOfWeek":["Sunday","Monday","Tuesday","Wednesday","Thursday","Friday","Saturday"],"opens":"09:00","closes":"17:00"}]},{"@type":"Person","@id":"https:\/\/www.cidadesdomeubrasil.com.br\/blog\/#\/schema\/person\/f8f35823b0b1385a41d219538417b376","name":"Ivanilton Quinto","image":{"@type":"ImageObject","inLanguage":"pt-BR","@id":"https:\/\/www.cidadesdomeubrasil.com.br\/blog\/#\/schema\/person\/image\/","url":"https:\/\/secure.gravatar.com\/avatar\/d4a6bbbb044495ea3dee705b21e752a5ddf248daa09a8e01e21909cf3ae695b0?s=96&d=mm&r=g","contentUrl":"https:\/\/secure.gravatar.com\/avatar\/d4a6bbbb044495ea3dee705b21e752a5ddf248daa09a8e01e21909cf3ae695b0?s=96&d=mm&r=g","caption":"Ivanilton Quinto"},"description":"Te\u00f3logo e Empreendedor digital","url":"https:\/\/www.cidadesdomeubrasil.com.br\/blog\/author\/ivan\/"},{"@type":"ImageObject","inLanguage":"pt-BR","@id":"https:\/\/www.cidadesdomeubrasil.com.br\/blog\/reforma-administrativa-entenda-os-impactos-e-implicacoes-para-os-servidores-publicos-brasileiros\/#local-main-organization-logo","url":"https:\/\/www.cidadesdomeubrasil.com.br\/blog\/wp-content\/uploads\/2015\/11\/logo.png","contentUrl":"https:\/\/www.cidadesdomeubrasil.com.br\/blog\/wp-content\/uploads\/2015\/11\/logo.png","width":347,"height":80,"caption":"Cidades do meu Brasil"}]}},"jetpack_publicize_connections":[],"jetpack_featured_media_url":"https:\/\/www.cidadesdomeubrasil.com.br\/blog\/wp-content\/uploads\/2023\/03\/trabalhadores_em_manifesta__o_am_meio_ao_transito_de_carros.jpg","wps_subtitle":"A proposta de Reforma Administrativa no Brasil traz mudan\u00e7as significativas para os servidores p\u00fablicos, afetando a estabilidade e o futuro do setor.","jetpack_shortlink":"https:\/\/wp.me\/p52h2W-d5N","jetpack_sharing_enabled":true,"_links":{"self":[{"href":"https:\/\/www.cidadesdomeubrasil.com.br\/blog\/wp-json\/wp\/v2\/posts\/50331","targetHints":{"allow":["GET"]}}],"collection":[{"href":"https:\/\/www.cidadesdomeubrasil.com.br\/blog\/wp-json\/wp\/v2\/posts"}],"about":[{"href":"https:\/\/www.cidadesdomeubrasil.com.br\/blog\/wp-json\/wp\/v2\/types\/post"}],"author":[{"embeddable":true,"href":"https:\/\/www.cidadesdomeubrasil.com.br\/blog\/wp-json\/wp\/v2\/users\/1"}],"replies":[{"embeddable":true,"href":"https:\/\/www.cidadesdomeubrasil.com.br\/blog\/wp-json\/wp\/v2\/comments?post=50331"}],"version-history":[{"count":2,"href":"https:\/\/www.cidadesdomeubrasil.com.br\/blog\/wp-json\/wp\/v2\/posts\/50331\/revisions"}],"predecessor-version":[{"id":50334,"href":"https:\/\/www.cidadesdomeubrasil.com.br\/blog\/wp-json\/wp\/v2\/posts\/50331\/revisions\/50334"}],"wp:featuredmedia":[{"embeddable":true,"href":"https:\/\/www.cidadesdomeubrasil.com.br\/blog\/wp-json\/wp\/v2\/media\/50332"}],"wp:attachment":[{"href":"https:\/\/www.cidadesdomeubrasil.com.br\/blog\/wp-json\/wp\/v2\/media?parent=50331"}],"wp:term":[{"taxonomy":"category","embeddable":true,"href":"https:\/\/www.cidadesdomeubrasil.com.br\/blog\/wp-json\/wp\/v2\/categories?post=50331"},{"taxonomy":"post_tag","embeddable":true,"href":"https:\/\/www.cidadesdomeubrasil.com.br\/blog\/wp-json\/wp\/v2\/tags?post=50331"}],"curies":[{"name":"wp","href":"https:\/\/api.w.org\/{rel}","templated":true}]}}