{"id":43626,"date":"2022-08-03T23:26:33","date_gmt":"2022-08-03T23:26:33","guid":{"rendered":"https:\/\/www.cidadesdomeubrasil.com.br\/blog\/?p=43626"},"modified":"2022-08-03T23:26:34","modified_gmt":"2022-08-03T23:26:34","slug":"cientistas-acreditam-que-o-tempo-esta-desacelerando","status":"publish","type":"post","link":"https:\/\/www.cidadesdomeubrasil.com.br\/blog\/cientistas-acreditam-que-o-tempo-esta-desacelerando\/","title":{"rendered":"Cientistas acreditam que o tempo est\u00e1 desacelerando"},"content":{"rendered":"<p>De acordo com a <b>Teoria do Big Bang<\/b>, altas temperaturas e densidade deram in\u00edcio a expans\u00e3o do universo que duraria at\u00e9 hoje.<\/p>\n<h2 class=\"western\">Estudos da desacelera\u00e7\u00e3o do tempo tiveram como base as ondas sonoras<\/h2>\n<p><a href=\"http:\/\/www.cidadesdomeubrasil.com.br\/blog\/wp-content\/uploads\/2022\/08\/efeito-doppler.jpg\"><img loading=\"lazy\" decoding=\"async\" data-attachment-id=\"43627\" data-permalink=\"https:\/\/www.cidadesdomeubrasil.com.br\/blog\/cientistas-acreditam-que-o-tempo-esta-desacelerando\/efeito-doppler\/\" data-orig-file=\"https:\/\/www.cidadesdomeubrasil.com.br\/blog\/wp-content\/uploads\/2022\/08\/efeito-doppler.jpg\" data-orig-size=\"740,357\" data-comments-opened=\"1\" data-image-meta=\"{&quot;aperture&quot;:&quot;0&quot;,&quot;credit&quot;:&quot;&quot;,&quot;camera&quot;:&quot;&quot;,&quot;caption&quot;:&quot;&quot;,&quot;created_timestamp&quot;:&quot;0&quot;,&quot;copyright&quot;:&quot;&quot;,&quot;focal_length&quot;:&quot;0&quot;,&quot;iso&quot;:&quot;0&quot;,&quot;shutter_speed&quot;:&quot;0&quot;,&quot;title&quot;:&quot;&quot;,&quot;orientation&quot;:&quot;0&quot;}\" data-image-title=\"efeito-doppler\" data-image-description=\"\" data-image-caption=\"\" data-medium-file=\"https:\/\/www.cidadesdomeubrasil.com.br\/blog\/wp-content\/uploads\/2022\/08\/efeito-doppler-300x145.jpg\" data-large-file=\"https:\/\/www.cidadesdomeubrasil.com.br\/blog\/wp-content\/uploads\/2022\/08\/efeito-doppler.jpg\" class=\"aligncenter wp-image-43627 size-full\" src=\"http:\/\/www.cidadesdomeubrasil.com.br\/blog\/wp-content\/uploads\/2022\/08\/efeito-doppler.jpg\" alt=\"\" width=\"740\" height=\"357\" srcset=\"https:\/\/www.cidadesdomeubrasil.com.br\/blog\/wp-content\/uploads\/2022\/08\/efeito-doppler.jpg 740w, https:\/\/www.cidadesdomeubrasil.com.br\/blog\/wp-content\/uploads\/2022\/08\/efeito-doppler-300x145.jpg 300w, https:\/\/www.cidadesdomeubrasil.com.br\/blog\/wp-content\/uploads\/2022\/08\/efeito-doppler-561x271.jpg 561w, https:\/\/www.cidadesdomeubrasil.com.br\/blog\/wp-content\/uploads\/2022\/08\/efeito-doppler-265x128.jpg 265w, https:\/\/www.cidadesdomeubrasil.com.br\/blog\/wp-content\/uploads\/2022\/08\/efeito-doppler-531x256.jpg 531w, https:\/\/www.cidadesdomeubrasil.com.br\/blog\/wp-content\/uploads\/2022\/08\/efeito-doppler-364x176.jpg 364w, https:\/\/www.cidadesdomeubrasil.com.br\/blog\/wp-content\/uploads\/2022\/08\/efeito-doppler-728x351.jpg 728w, https:\/\/www.cidadesdomeubrasil.com.br\/blog\/wp-content\/uploads\/2022\/08\/efeito-doppler-608x293.jpg 608w, https:\/\/www.cidadesdomeubrasil.com.br\/blog\/wp-content\/uploads\/2022\/08\/efeito-doppler-560x270.jpg 560w, https:\/\/www.cidadesdomeubrasil.com.br\/blog\/wp-content\/uploads\/2022\/08\/efeito-doppler-150x72.jpg 150w\" sizes=\"auto, (max-width: 740px) 100vw, 740px\" \/><\/a><br \/>\n<a href=\"https:\/\/www.researchgate.net\/profile\/Jose-Senovilla\"><b>Jos\u00e9 Senoville<\/b><\/a> e sua equipe que trabalha na <b>Universidade do Pa\u00eds Basco<\/b> tiveram as pesquisas sobre a desacelera\u00e7\u00e3o do tempo iniciadas a partir do Efeito Doppler, que \u00e9 um fen\u00f4meno f\u00edsico observados nas ondas sonoras quando emitidas ou refletidas por um objeto que est\u00e1 se movimentando em rela\u00e7\u00e3o ao observador.<\/p>\n<p>A sensa\u00e7\u00e3o \u00e9 que quanto mais o observador se afasta, o som vai ficando cada vez mais &#8220;lento&#8221;. A explica\u00e7\u00e3o para isso \u00e9 que as ondas s\u00e3o influ\u00eancias pelo movimento do ve\u00edculo e diminuem sua frequ\u00eancia. Assim, s\u00e3o ouvidas de modo diferente.<\/p>\n<p>Considerando que o Efeito Doppler \u00e9 o ponto de partida para os estudos de Jos\u00e9 Senoville, n\u00e3o h\u00e1 d\u00favidas de que o universo est\u00e1 em expans\u00e3o. Isso pode ser observado ao fazer a an\u00e1lise da luz emitida por essas forma\u00e7\u00f5es, que se assemelha ao que acontece com o som de uma ambul\u00e2ncia em movimento, por exemplo.<\/p>\n<p>Senoville observou que as gal\u00e1xias que est\u00e3o mais distantes da terra apresentam desvios que tendem para o vermelho. As que est\u00e3o mais pr\u00f3ximas se movem de forma mais r\u00e1pida.<\/p>\n<p>Logo, ao considerar que o tempo est\u00e1 cada vez mais lento, a luz tamb\u00e9m chegaria at\u00e9 a gente em uma frequ\u00eancia menor.<\/p>\n<h2 class=\"western\">A hip\u00f3tese de o tempo estar mais lento \u00e9 motivo de debate<\/h2>\n<p><a href=\"https:\/\/www.cidadesdomeubrasil.com.br\/blog\/curiosidades\/cientistas-acreditam-que-o-tempo-esta-desacelerando\/attachment\/atrasando-relogio-desacelerando-tempo\/\" rel=\"attachment wp-att-43628\"><img loading=\"lazy\" decoding=\"async\" data-attachment-id=\"43628\" data-permalink=\"https:\/\/www.cidadesdomeubrasil.com.br\/blog\/cientistas-acreditam-que-o-tempo-esta-desacelerando\/atrasando-relogio-desacelerando-tempo\/\" data-orig-file=\"https:\/\/www.cidadesdomeubrasil.com.br\/blog\/wp-content\/uploads\/2022\/08\/atrasando-relogio-desacelerando-tempo.jpg\" data-orig-size=\"740,357\" data-comments-opened=\"1\" data-image-meta=\"{&quot;aperture&quot;:&quot;0&quot;,&quot;credit&quot;:&quot;&quot;,&quot;camera&quot;:&quot;&quot;,&quot;caption&quot;:&quot;&quot;,&quot;created_timestamp&quot;:&quot;0&quot;,&quot;copyright&quot;:&quot;&quot;,&quot;focal_length&quot;:&quot;0&quot;,&quot;iso&quot;:&quot;0&quot;,&quot;shutter_speed&quot;:&quot;0&quot;,&quot;title&quot;:&quot;&quot;,&quot;orientation&quot;:&quot;0&quot;}\" data-image-title=\"atrasando-relogio-desacelerando-tempo\" data-image-description=\"\" data-image-caption=\"\" data-medium-file=\"https:\/\/www.cidadesdomeubrasil.com.br\/blog\/wp-content\/uploads\/2022\/08\/atrasando-relogio-desacelerando-tempo-300x145.jpg\" data-large-file=\"https:\/\/www.cidadesdomeubrasil.com.br\/blog\/wp-content\/uploads\/2022\/08\/atrasando-relogio-desacelerando-tempo.jpg\" class=\"aligncenter size-full wp-image-43628\" src=\"http:\/\/www.cidadesdomeubrasil.com.br\/blog\/wp-content\/uploads\/2022\/08\/atrasando-relogio-desacelerando-tempo.jpg\" alt=\"\" width=\"740\" height=\"357\" srcset=\"https:\/\/www.cidadesdomeubrasil.com.br\/blog\/wp-content\/uploads\/2022\/08\/atrasando-relogio-desacelerando-tempo.jpg 740w, https:\/\/www.cidadesdomeubrasil.com.br\/blog\/wp-content\/uploads\/2022\/08\/atrasando-relogio-desacelerando-tempo-300x145.jpg 300w, https:\/\/www.cidadesdomeubrasil.com.br\/blog\/wp-content\/uploads\/2022\/08\/atrasando-relogio-desacelerando-tempo-561x271.jpg 561w, https:\/\/www.cidadesdomeubrasil.com.br\/blog\/wp-content\/uploads\/2022\/08\/atrasando-relogio-desacelerando-tempo-265x128.jpg 265w, https:\/\/www.cidadesdomeubrasil.com.br\/blog\/wp-content\/uploads\/2022\/08\/atrasando-relogio-desacelerando-tempo-531x256.jpg 531w, https:\/\/www.cidadesdomeubrasil.com.br\/blog\/wp-content\/uploads\/2022\/08\/atrasando-relogio-desacelerando-tempo-364x176.jpg 364w, https:\/\/www.cidadesdomeubrasil.com.br\/blog\/wp-content\/uploads\/2022\/08\/atrasando-relogio-desacelerando-tempo-728x351.jpg 728w, https:\/\/www.cidadesdomeubrasil.com.br\/blog\/wp-content\/uploads\/2022\/08\/atrasando-relogio-desacelerando-tempo-608x293.jpg 608w, https:\/\/www.cidadesdomeubrasil.com.br\/blog\/wp-content\/uploads\/2022\/08\/atrasando-relogio-desacelerando-tempo-560x270.jpg 560w, https:\/\/www.cidadesdomeubrasil.com.br\/blog\/wp-content\/uploads\/2022\/08\/atrasando-relogio-desacelerando-tempo-150x72.jpg 150w\" sizes=\"auto, (max-width: 740px) 100vw, 740px\" \/><\/a><\/p>\n<p>Pode parecer uma teoria maluca, mas admitir isso resolve alguns problemas recorrentes e lan\u00e7a luz a outros.<br \/>\nAo considerar que o tempo est\u00e1 desacelerando, \u00e9 necess\u00e1rio considerar um motivo para que haja a expans\u00e3o do universo.<\/p>\n<p>Nesta discuss\u00e3o entra a chamada &#8220;energia escura&#8221;, que se trata de algo que nunca foi observado e ocupa cerca de 68% do Universo.<\/p>\n<p>Assim, se o tempo est\u00e1 mesmo sendo reduzido, n\u00e3o \u00e9 preciso considerar a energia escura para a expans\u00e3o do universo, pois a diminui\u00e7\u00e3o da velocidade do tempo \u00e9 justificada pela <b>Teoria das Cordas.<\/b><\/p>\n<p>&nbsp;<\/p>\n<p>A teoria considera que o universo existe em uma esp\u00e9cie de membrana e no interior de um espa\u00e7o com v\u00e1rias dimens\u00f5es.<\/p>\n<p>Esta membrana \u00e9 chamada de <b>brana<\/b> e n\u00f3s vivemos um uma dimens\u00e3o que possui uma dimens\u00e3o temporal e tr\u00eas espaciais.<\/p>\n<p>Esta dimens\u00e3o \u00e9 a realidade das pessoas que vivem na Terra. Contudo, outras realidades podem ter diversas dimens\u00f5es temporais ou at\u00e9 mesmo nenhuma.<\/p>\n<p>O conhecimento dos cientistas sobre o assunto ainda \u00e9 bastante raso. Entretanto, na teoria, \u00e9 poss\u00edvel que em outras membranas as dimens\u00f5es podem ser transformadas umas nas outras, o que possibilitaria a mudan\u00e7a de tempo para espa\u00e7o.<\/p>\n<p>\u00c9 esta transforma\u00e7\u00e3o que se especula que esteja ocorrendo na nossa dimens\u00e3o. Se for assim, o Universo est\u00e1 parando no tempo at\u00e9 o ponto em que vamos viver em quatro dimens\u00f5es de espa\u00e7o.<\/p>\n<h2 class=\"western\">\u00c9 poss\u00edvel que o tempo j\u00e1 est\u00e1 sendo desacelerado<\/h2>\n<h2 class=\"western\"><a href=\"https:\/\/www.cidadesdomeubrasil.com.br\/blog\/curiosidades\/cientistas-acreditam-que-o-tempo-esta-desacelerando\/attachment\/teoria-das-cordas\/\" rel=\"attachment wp-att-43629\"><img loading=\"lazy\" decoding=\"async\" data-attachment-id=\"43629\" data-permalink=\"https:\/\/www.cidadesdomeubrasil.com.br\/blog\/cientistas-acreditam-que-o-tempo-esta-desacelerando\/teoria-das-cordas\/\" data-orig-file=\"https:\/\/www.cidadesdomeubrasil.com.br\/blog\/wp-content\/uploads\/2022\/08\/teoria-das-cordas.jpg\" data-orig-size=\"740,357\" data-comments-opened=\"1\" data-image-meta=\"{&quot;aperture&quot;:&quot;0&quot;,&quot;credit&quot;:&quot;&quot;,&quot;camera&quot;:&quot;&quot;,&quot;caption&quot;:&quot;&quot;,&quot;created_timestamp&quot;:&quot;0&quot;,&quot;copyright&quot;:&quot;&quot;,&quot;focal_length&quot;:&quot;0&quot;,&quot;iso&quot;:&quot;0&quot;,&quot;shutter_speed&quot;:&quot;0&quot;,&quot;title&quot;:&quot;&quot;,&quot;orientation&quot;:&quot;0&quot;}\" data-image-title=\"teoria-das-cordas\" data-image-description=\"\" data-image-caption=\"\" data-medium-file=\"https:\/\/www.cidadesdomeubrasil.com.br\/blog\/wp-content\/uploads\/2022\/08\/teoria-das-cordas-300x145.jpg\" data-large-file=\"https:\/\/www.cidadesdomeubrasil.com.br\/blog\/wp-content\/uploads\/2022\/08\/teoria-das-cordas.jpg\" class=\"aligncenter size-full wp-image-43629\" src=\"http:\/\/www.cidadesdomeubrasil.com.br\/blog\/wp-content\/uploads\/2022\/08\/teoria-das-cordas.jpg\" alt=\"\" width=\"740\" height=\"357\" srcset=\"https:\/\/www.cidadesdomeubrasil.com.br\/blog\/wp-content\/uploads\/2022\/08\/teoria-das-cordas.jpg 740w, https:\/\/www.cidadesdomeubrasil.com.br\/blog\/wp-content\/uploads\/2022\/08\/teoria-das-cordas-300x145.jpg 300w, https:\/\/www.cidadesdomeubrasil.com.br\/blog\/wp-content\/uploads\/2022\/08\/teoria-das-cordas-561x271.jpg 561w, https:\/\/www.cidadesdomeubrasil.com.br\/blog\/wp-content\/uploads\/2022\/08\/teoria-das-cordas-265x128.jpg 265w, https:\/\/www.cidadesdomeubrasil.com.br\/blog\/wp-content\/uploads\/2022\/08\/teoria-das-cordas-531x256.jpg 531w, https:\/\/www.cidadesdomeubrasil.com.br\/blog\/wp-content\/uploads\/2022\/08\/teoria-das-cordas-364x176.jpg 364w, https:\/\/www.cidadesdomeubrasil.com.br\/blog\/wp-content\/uploads\/2022\/08\/teoria-das-cordas-728x351.jpg 728w, https:\/\/www.cidadesdomeubrasil.com.br\/blog\/wp-content\/uploads\/2022\/08\/teoria-das-cordas-608x293.jpg 608w, https:\/\/www.cidadesdomeubrasil.com.br\/blog\/wp-content\/uploads\/2022\/08\/teoria-das-cordas-560x270.jpg 560w, https:\/\/www.cidadesdomeubrasil.com.br\/blog\/wp-content\/uploads\/2022\/08\/teoria-das-cordas-150x72.jpg 150w\" sizes=\"auto, (max-width: 740px) 100vw, 740px\" \/><\/a><\/h2>\n<p class=\"western\">\u00c9 prov\u00e1vel que n\u00f3s j\u00e1 estejamos sofrendo uma redu\u00e7\u00e3o de velocidade do tempo. Mas, \u00e9 t\u00e3o pequena que somente analisando em uma escala de bilh\u00f5es de anos ser\u00e1 poss\u00edvel visualizar o fen\u00f4meno.<\/p>\n<p>O estudo de Senoville apontou que a expans\u00e3o da Universo est\u00e1 sendo acelerada. Entretanto, ao observar a energia escura pode se encontrar evid\u00eancias de que a brana est\u00e1 sendo mudada e, com isso, o tempo est\u00e1 sumindo.<\/p>\n<p>O fato \u00e9 que o Universo ainda \u00e9 um grande mist\u00e9rio e a evolu\u00e7\u00e3o da tecnologia ajuda os cientistas a entenderem melhor o processo.<\/p>\n<p>Em rela\u00e7\u00e3o \u00e0 redu\u00e7\u00e3o da velocidade do tempo, pelo visto n\u00e3o temos que nos preocupar, pois esta \u00e9 somente uma teoria e, ainda que seja real, ser\u00e1 preciso bilh\u00f5es de anos para o tempo parar totalmente.<\/p>\n","protected":false},"excerpt":{"rendered":"<p>De acordo com a Teoria do Big Bang, altas temperaturas e densidade deram in\u00edcio a expans\u00e3o do universo que duraria at\u00e9 hoje. Estudos da desacelera\u00e7\u00e3o do tempo tiveram como base as ondas sonoras Jos\u00e9 Senoville e sua equipe que trabalha na Universidade do Pa\u00eds Basco tiveram as pesquisas sobre a desacelera\u00e7\u00e3o do tempo iniciadas a [&hellip;] <a class=\"g1-link g1-link-more\" href=\"https:\/\/www.cidadesdomeubrasil.com.br\/blog\/cientistas-acreditam-que-o-tempo-esta-desacelerando\/\">Mais<\/a><\/p>\n","protected":false},"author":1,"featured_media":43628,"comment_status":"open","ping_status":"open","sticky":false,"template":"","format":"standard","meta":{"jetpack_post_was_ever_published":false,"_jetpack_newsletter_access":"","_jetpack_dont_email_post_to_subs":false,"_jetpack_newsletter_tier_id":0,"_jetpack_memberships_contains_paywalled_content":false,"fifu_image_url":"","fifu_image_alt":"","_jetpack_memberships_contains_paid_content":false,"footnotes":"","jetpack_publicize_message":"","jetpack_publicize_feature_enabled":true,"jetpack_social_post_already_shared":true,"jetpack_social_options":{"image_generator_settings":{"template":"highway","default_image_id":0,"font":"","enabled":false},"version":2}},"categories":[163],"tags":[],"class_list":{"0":"post-43626","1":"post","2":"type-post","3":"status-publish","4":"format-standard","5":"has-post-thumbnail","7":"category-curiosidades"},"yoast_head":"<!-- This site is optimized with the Yoast SEO plugin v26.5 - https:\/\/yoast.com\/wordpress\/plugins\/seo\/ -->\n<title>Cientistas acreditam que o tempo est\u00e1 desacelerando - Blog Brasil<\/title>\n<meta name=\"robots\" content=\"index, follow, max-snippet:-1, max-image-preview:large, max-video-preview:-1\" \/>\n<link rel=\"canonical\" href=\"https:\/\/www.cidadesdomeubrasil.com.br\/blog\/cientistas-acreditam-que-o-tempo-esta-desacelerando\/\" \/>\n<meta property=\"og:locale\" content=\"pt_BR\" \/>\n<meta property=\"og:type\" content=\"article\" \/>\n<meta property=\"og:title\" content=\"Cientistas acreditam que o tempo est\u00e1 desacelerando - Blog Brasil\" \/>\n<meta property=\"og:description\" content=\"De acordo com a Teoria do Big Bang, altas temperaturas e densidade deram in\u00edcio a expans\u00e3o do universo que duraria at\u00e9 hoje. Estudos da desacelera\u00e7\u00e3o do tempo tiveram como base as ondas sonoras Jos\u00e9 Senoville e sua equipe que trabalha na Universidade do Pa\u00eds Basco tiveram as pesquisas sobre a desacelera\u00e7\u00e3o do tempo iniciadas a [&hellip;] Mais\" \/>\n<meta property=\"og:url\" content=\"https:\/\/www.cidadesdomeubrasil.com.br\/blog\/cientistas-acreditam-que-o-tempo-esta-desacelerando\/\" \/>\n<meta property=\"og:site_name\" content=\"Blog Brasil\" \/>\n<meta property=\"article:publisher\" content=\"https:\/\/web.facebook.com\/cidades.do.meu.Brasil\" \/>\n<meta property=\"article:published_time\" content=\"2022-08-03T23:26:33+00:00\" \/>\n<meta property=\"article:modified_time\" content=\"2022-08-03T23:26:34+00:00\" \/>\n<meta property=\"og:image\" content=\"http:\/\/www.cidadesdomeubrasil.com.br\/blog\/wp-content\/uploads\/2022\/08\/atrasando-relogio-desacelerando-tempo.jpg\" \/>\n\t<meta property=\"og:image:width\" content=\"740\" \/>\n\t<meta property=\"og:image:height\" content=\"357\" \/>\n\t<meta property=\"og:image:type\" content=\"image\/jpeg\" \/>\n<meta name=\"author\" content=\"Ivanilton Quinto\" \/>\n<meta name=\"twitter:card\" content=\"summary_large_image\" \/>\n<meta name=\"twitter:label1\" content=\"Escrito por\" \/>\n\t<meta name=\"twitter:data1\" content=\"Ivanilton Quinto\" \/>\n\t<meta name=\"twitter:label2\" content=\"Est. tempo de leitura\" \/>\n\t<meta name=\"twitter:data2\" content=\"4 minutos\" \/>\n<script type=\"application\/ld+json\" class=\"yoast-schema-graph\">{\"@context\":\"https:\/\/schema.org\",\"@graph\":[{\"@type\":\"Article\",\"@id\":\"https:\/\/www.cidadesdomeubrasil.com.br\/blog\/cientistas-acreditam-que-o-tempo-esta-desacelerando\/#article\",\"isPartOf\":{\"@id\":\"https:\/\/www.cidadesdomeubrasil.com.br\/blog\/cientistas-acreditam-que-o-tempo-esta-desacelerando\/\"},\"author\":{\"name\":\"Ivanilton Quinto\",\"@id\":\"https:\/\/www.cidadesdomeubrasil.com.br\/blog\/#\/schema\/person\/f8f35823b0b1385a41d219538417b376\"},\"headline\":\"Cientistas acreditam que o tempo est\u00e1 desacelerando\",\"datePublished\":\"2022-08-03T23:26:33+00:00\",\"dateModified\":\"2022-08-03T23:26:34+00:00\",\"mainEntityOfPage\":{\"@id\":\"https:\/\/www.cidadesdomeubrasil.com.br\/blog\/cientistas-acreditam-que-o-tempo-esta-desacelerando\/\"},\"wordCount\":665,\"commentCount\":0,\"publisher\":{\"@id\":\"https:\/\/www.cidadesdomeubrasil.com.br\/blog\/#organization\"},\"image\":{\"@id\":\"https:\/\/www.cidadesdomeubrasil.com.br\/blog\/cientistas-acreditam-que-o-tempo-esta-desacelerando\/#primaryimage\"},\"thumbnailUrl\":\"https:\/\/www.cidadesdomeubrasil.com.br\/blog\/wp-content\/uploads\/2022\/08\/atrasando-relogio-desacelerando-tempo.jpg\",\"articleSection\":[\"Curiosidades\"],\"inLanguage\":\"pt-BR\",\"potentialAction\":[{\"@type\":\"CommentAction\",\"name\":\"Comment\",\"target\":[\"https:\/\/www.cidadesdomeubrasil.com.br\/blog\/cientistas-acreditam-que-o-tempo-esta-desacelerando\/#respond\"]}],\"copyrightYear\":\"2022\",\"copyrightHolder\":{\"@id\":\"https:\/\/www.cidadesdomeubrasil.com.br\/blog\/#organization\"}},{\"@type\":\"WebPage\",\"@id\":\"https:\/\/www.cidadesdomeubrasil.com.br\/blog\/cientistas-acreditam-que-o-tempo-esta-desacelerando\/\",\"url\":\"https:\/\/www.cidadesdomeubrasil.com.br\/blog\/cientistas-acreditam-que-o-tempo-esta-desacelerando\/\",\"name\":\"Cientistas acreditam que o tempo est\u00e1 desacelerando - Blog Brasil\",\"isPartOf\":{\"@id\":\"https:\/\/www.cidadesdomeubrasil.com.br\/blog\/#website\"},\"primaryImageOfPage\":{\"@id\":\"https:\/\/www.cidadesdomeubrasil.com.br\/blog\/cientistas-acreditam-que-o-tempo-esta-desacelerando\/#primaryimage\"},\"image\":{\"@id\":\"https:\/\/www.cidadesdomeubrasil.com.br\/blog\/cientistas-acreditam-que-o-tempo-esta-desacelerando\/#primaryimage\"},\"thumbnailUrl\":\"https:\/\/www.cidadesdomeubrasil.com.br\/blog\/wp-content\/uploads\/2022\/08\/atrasando-relogio-desacelerando-tempo.jpg\",\"datePublished\":\"2022-08-03T23:26:33+00:00\",\"dateModified\":\"2022-08-03T23:26:34+00:00\",\"breadcrumb\":{\"@id\":\"https:\/\/www.cidadesdomeubrasil.com.br\/blog\/cientistas-acreditam-que-o-tempo-esta-desacelerando\/#breadcrumb\"},\"inLanguage\":\"pt-BR\",\"potentialAction\":[{\"@type\":\"ReadAction\",\"target\":[\"https:\/\/www.cidadesdomeubrasil.com.br\/blog\/cientistas-acreditam-que-o-tempo-esta-desacelerando\/\"]}]},{\"@type\":\"ImageObject\",\"inLanguage\":\"pt-BR\",\"@id\":\"https:\/\/www.cidadesdomeubrasil.com.br\/blog\/cientistas-acreditam-que-o-tempo-esta-desacelerando\/#primaryimage\",\"url\":\"https:\/\/www.cidadesdomeubrasil.com.br\/blog\/wp-content\/uploads\/2022\/08\/atrasando-relogio-desacelerando-tempo.jpg\",\"contentUrl\":\"https:\/\/www.cidadesdomeubrasil.com.br\/blog\/wp-content\/uploads\/2022\/08\/atrasando-relogio-desacelerando-tempo.jpg\",\"width\":740,\"height\":357},{\"@type\":\"BreadcrumbList\",\"@id\":\"https:\/\/www.cidadesdomeubrasil.com.br\/blog\/cientistas-acreditam-que-o-tempo-esta-desacelerando\/#breadcrumb\",\"itemListElement\":[{\"@type\":\"ListItem\",\"position\":1,\"name\":\"In\u00edcio\",\"item\":\"https:\/\/www.cidadesdomeubrasil.com.br\/blog\/\"},{\"@type\":\"ListItem\",\"position\":2,\"name\":\"Cientistas acreditam que o tempo est\u00e1 desacelerando\"}]},{\"@type\":\"WebSite\",\"@id\":\"https:\/\/www.cidadesdomeubrasil.com.br\/blog\/#website\",\"url\":\"https:\/\/www.cidadesdomeubrasil.com.br\/blog\/\",\"name\":\"Blog Brasil\",\"description\":\"Utilidade P\u00fablica, Turismo e tudo mais para voc\u00ea!\",\"publisher\":{\"@id\":\"https:\/\/www.cidadesdomeubrasil.com.br\/blog\/#organization\"},\"potentialAction\":[{\"@type\":\"SearchAction\",\"target\":{\"@type\":\"EntryPoint\",\"urlTemplate\":\"https:\/\/www.cidadesdomeubrasil.com.br\/blog\/?s={search_term_string}\"},\"query-input\":{\"@type\":\"PropertyValueSpecification\",\"valueRequired\":true,\"valueName\":\"search_term_string\"}}],\"inLanguage\":\"pt-BR\"},{\"@type\":[\"Organization\",\"Place\"],\"@id\":\"https:\/\/www.cidadesdomeubrasil.com.br\/blog\/#organization\",\"name\":\"Cidades do meu Brasil\",\"url\":\"https:\/\/www.cidadesdomeubrasil.com.br\/blog\/\",\"logo\":{\"@id\":\"https:\/\/www.cidadesdomeubrasil.com.br\/blog\/cientistas-acreditam-que-o-tempo-esta-desacelerando\/#local-main-organization-logo\"},\"image\":{\"@id\":\"https:\/\/www.cidadesdomeubrasil.com.br\/blog\/cientistas-acreditam-que-o-tempo-esta-desacelerando\/#local-main-organization-logo\"},\"sameAs\":[\"https:\/\/web.facebook.com\/cidades.do.meu.Brasil\",\"https:\/\/www.youtube.com\/channel\/UCCA5Gj67lVNVC4eJFQu4rnA\"],\"openingHoursSpecification\":[{\"@type\":\"OpeningHoursSpecification\",\"dayOfWeek\":[\"Sunday\",\"Monday\",\"Tuesday\",\"Wednesday\",\"Thursday\",\"Friday\",\"Saturday\"],\"opens\":\"09:00\",\"closes\":\"17:00\"}]},{\"@type\":\"Person\",\"@id\":\"https:\/\/www.cidadesdomeubrasil.com.br\/blog\/#\/schema\/person\/f8f35823b0b1385a41d219538417b376\",\"name\":\"Ivanilton Quinto\",\"image\":{\"@type\":\"ImageObject\",\"inLanguage\":\"pt-BR\",\"@id\":\"https:\/\/www.cidadesdomeubrasil.com.br\/blog\/#\/schema\/person\/image\/\",\"url\":\"https:\/\/secure.gravatar.com\/avatar\/d4a6bbbb044495ea3dee705b21e752a5ddf248daa09a8e01e21909cf3ae695b0?s=96&d=mm&r=g\",\"contentUrl\":\"https:\/\/secure.gravatar.com\/avatar\/d4a6bbbb044495ea3dee705b21e752a5ddf248daa09a8e01e21909cf3ae695b0?s=96&d=mm&r=g\",\"caption\":\"Ivanilton Quinto\"},\"description\":\"Te\u00f3logo e Empreendedor digital\",\"url\":\"https:\/\/www.cidadesdomeubrasil.com.br\/blog\/author\/ivan\/\"},{\"@type\":\"ImageObject\",\"inLanguage\":\"pt-BR\",\"@id\":\"https:\/\/www.cidadesdomeubrasil.com.br\/blog\/cientistas-acreditam-que-o-tempo-esta-desacelerando\/#local-main-organization-logo\",\"url\":\"https:\/\/www.cidadesdomeubrasil.com.br\/blog\/wp-content\/uploads\/2015\/11\/logo.png\",\"contentUrl\":\"https:\/\/www.cidadesdomeubrasil.com.br\/blog\/wp-content\/uploads\/2015\/11\/logo.png\",\"width\":347,\"height\":80,\"caption\":\"Cidades do meu Brasil\"}]}<\/script>\n<!-- \/ Yoast SEO plugin. -->","yoast_head_json":{"title":"Cientistas acreditam que o tempo est\u00e1 desacelerando - Blog Brasil","robots":{"index":"index","follow":"follow","max-snippet":"max-snippet:-1","max-image-preview":"max-image-preview:large","max-video-preview":"max-video-preview:-1"},"canonical":"https:\/\/www.cidadesdomeubrasil.com.br\/blog\/cientistas-acreditam-que-o-tempo-esta-desacelerando\/","og_locale":"pt_BR","og_type":"article","og_title":"Cientistas acreditam que o tempo est\u00e1 desacelerando - Blog Brasil","og_description":"De acordo com a Teoria do Big Bang, altas temperaturas e densidade deram in\u00edcio a expans\u00e3o do universo que duraria at\u00e9 hoje. Estudos da desacelera\u00e7\u00e3o do tempo tiveram como base as ondas sonoras Jos\u00e9 Senoville e sua equipe que trabalha na Universidade do Pa\u00eds Basco tiveram as pesquisas sobre a desacelera\u00e7\u00e3o do tempo iniciadas a [&hellip;] Mais","og_url":"https:\/\/www.cidadesdomeubrasil.com.br\/blog\/cientistas-acreditam-que-o-tempo-esta-desacelerando\/","og_site_name":"Blog Brasil","article_publisher":"https:\/\/web.facebook.com\/cidades.do.meu.Brasil","article_published_time":"2022-08-03T23:26:33+00:00","article_modified_time":"2022-08-03T23:26:34+00:00","og_image":[{"width":740,"height":357,"url":"http:\/\/www.cidadesdomeubrasil.com.br\/blog\/wp-content\/uploads\/2022\/08\/atrasando-relogio-desacelerando-tempo.jpg","type":"image\/jpeg"}],"author":"Ivanilton Quinto","twitter_card":"summary_large_image","twitter_misc":{"Escrito por":"Ivanilton Quinto","Est. tempo de leitura":"4 minutos"},"schema":{"@context":"https:\/\/schema.org","@graph":[{"@type":"Article","@id":"https:\/\/www.cidadesdomeubrasil.com.br\/blog\/cientistas-acreditam-que-o-tempo-esta-desacelerando\/#article","isPartOf":{"@id":"https:\/\/www.cidadesdomeubrasil.com.br\/blog\/cientistas-acreditam-que-o-tempo-esta-desacelerando\/"},"author":{"name":"Ivanilton Quinto","@id":"https:\/\/www.cidadesdomeubrasil.com.br\/blog\/#\/schema\/person\/f8f35823b0b1385a41d219538417b376"},"headline":"Cientistas acreditam que o tempo est\u00e1 desacelerando","datePublished":"2022-08-03T23:26:33+00:00","dateModified":"2022-08-03T23:26:34+00:00","mainEntityOfPage":{"@id":"https:\/\/www.cidadesdomeubrasil.com.br\/blog\/cientistas-acreditam-que-o-tempo-esta-desacelerando\/"},"wordCount":665,"commentCount":0,"publisher":{"@id":"https:\/\/www.cidadesdomeubrasil.com.br\/blog\/#organization"},"image":{"@id":"https:\/\/www.cidadesdomeubrasil.com.br\/blog\/cientistas-acreditam-que-o-tempo-esta-desacelerando\/#primaryimage"},"thumbnailUrl":"https:\/\/www.cidadesdomeubrasil.com.br\/blog\/wp-content\/uploads\/2022\/08\/atrasando-relogio-desacelerando-tempo.jpg","articleSection":["Curiosidades"],"inLanguage":"pt-BR","potentialAction":[{"@type":"CommentAction","name":"Comment","target":["https:\/\/www.cidadesdomeubrasil.com.br\/blog\/cientistas-acreditam-que-o-tempo-esta-desacelerando\/#respond"]}],"copyrightYear":"2022","copyrightHolder":{"@id":"https:\/\/www.cidadesdomeubrasil.com.br\/blog\/#organization"}},{"@type":"WebPage","@id":"https:\/\/www.cidadesdomeubrasil.com.br\/blog\/cientistas-acreditam-que-o-tempo-esta-desacelerando\/","url":"https:\/\/www.cidadesdomeubrasil.com.br\/blog\/cientistas-acreditam-que-o-tempo-esta-desacelerando\/","name":"Cientistas acreditam que o tempo est\u00e1 desacelerando - Blog Brasil","isPartOf":{"@id":"https:\/\/www.cidadesdomeubrasil.com.br\/blog\/#website"},"primaryImageOfPage":{"@id":"https:\/\/www.cidadesdomeubrasil.com.br\/blog\/cientistas-acreditam-que-o-tempo-esta-desacelerando\/#primaryimage"},"image":{"@id":"https:\/\/www.cidadesdomeubrasil.com.br\/blog\/cientistas-acreditam-que-o-tempo-esta-desacelerando\/#primaryimage"},"thumbnailUrl":"https:\/\/www.cidadesdomeubrasil.com.br\/blog\/wp-content\/uploads\/2022\/08\/atrasando-relogio-desacelerando-tempo.jpg","datePublished":"2022-08-03T23:26:33+00:00","dateModified":"2022-08-03T23:26:34+00:00","breadcrumb":{"@id":"https:\/\/www.cidadesdomeubrasil.com.br\/blog\/cientistas-acreditam-que-o-tempo-esta-desacelerando\/#breadcrumb"},"inLanguage":"pt-BR","potentialAction":[{"@type":"ReadAction","target":["https:\/\/www.cidadesdomeubrasil.com.br\/blog\/cientistas-acreditam-que-o-tempo-esta-desacelerando\/"]}]},{"@type":"ImageObject","inLanguage":"pt-BR","@id":"https:\/\/www.cidadesdomeubrasil.com.br\/blog\/cientistas-acreditam-que-o-tempo-esta-desacelerando\/#primaryimage","url":"https:\/\/www.cidadesdomeubrasil.com.br\/blog\/wp-content\/uploads\/2022\/08\/atrasando-relogio-desacelerando-tempo.jpg","contentUrl":"https:\/\/www.cidadesdomeubrasil.com.br\/blog\/wp-content\/uploads\/2022\/08\/atrasando-relogio-desacelerando-tempo.jpg","width":740,"height":357},{"@type":"BreadcrumbList","@id":"https:\/\/www.cidadesdomeubrasil.com.br\/blog\/cientistas-acreditam-que-o-tempo-esta-desacelerando\/#breadcrumb","itemListElement":[{"@type":"ListItem","position":1,"name":"In\u00edcio","item":"https:\/\/www.cidadesdomeubrasil.com.br\/blog\/"},{"@type":"ListItem","position":2,"name":"Cientistas acreditam que o tempo est\u00e1 desacelerando"}]},{"@type":"WebSite","@id":"https:\/\/www.cidadesdomeubrasil.com.br\/blog\/#website","url":"https:\/\/www.cidadesdomeubrasil.com.br\/blog\/","name":"Blog Brasil","description":"Utilidade P\u00fablica, Turismo e tudo mais para voc\u00ea!","publisher":{"@id":"https:\/\/www.cidadesdomeubrasil.com.br\/blog\/#organization"},"potentialAction":[{"@type":"SearchAction","target":{"@type":"EntryPoint","urlTemplate":"https:\/\/www.cidadesdomeubrasil.com.br\/blog\/?s={search_term_string}"},"query-input":{"@type":"PropertyValueSpecification","valueRequired":true,"valueName":"search_term_string"}}],"inLanguage":"pt-BR"},{"@type":["Organization","Place"],"@id":"https:\/\/www.cidadesdomeubrasil.com.br\/blog\/#organization","name":"Cidades do meu Brasil","url":"https:\/\/www.cidadesdomeubrasil.com.br\/blog\/","logo":{"@id":"https:\/\/www.cidadesdomeubrasil.com.br\/blog\/cientistas-acreditam-que-o-tempo-esta-desacelerando\/#local-main-organization-logo"},"image":{"@id":"https:\/\/www.cidadesdomeubrasil.com.br\/blog\/cientistas-acreditam-que-o-tempo-esta-desacelerando\/#local-main-organization-logo"},"sameAs":["https:\/\/web.facebook.com\/cidades.do.meu.Brasil","https:\/\/www.youtube.com\/channel\/UCCA5Gj67lVNVC4eJFQu4rnA"],"openingHoursSpecification":[{"@type":"OpeningHoursSpecification","dayOfWeek":["Sunday","Monday","Tuesday","Wednesday","Thursday","Friday","Saturday"],"opens":"09:00","closes":"17:00"}]},{"@type":"Person","@id":"https:\/\/www.cidadesdomeubrasil.com.br\/blog\/#\/schema\/person\/f8f35823b0b1385a41d219538417b376","name":"Ivanilton Quinto","image":{"@type":"ImageObject","inLanguage":"pt-BR","@id":"https:\/\/www.cidadesdomeubrasil.com.br\/blog\/#\/schema\/person\/image\/","url":"https:\/\/secure.gravatar.com\/avatar\/d4a6bbbb044495ea3dee705b21e752a5ddf248daa09a8e01e21909cf3ae695b0?s=96&d=mm&r=g","contentUrl":"https:\/\/secure.gravatar.com\/avatar\/d4a6bbbb044495ea3dee705b21e752a5ddf248daa09a8e01e21909cf3ae695b0?s=96&d=mm&r=g","caption":"Ivanilton Quinto"},"description":"Te\u00f3logo e Empreendedor digital","url":"https:\/\/www.cidadesdomeubrasil.com.br\/blog\/author\/ivan\/"},{"@type":"ImageObject","inLanguage":"pt-BR","@id":"https:\/\/www.cidadesdomeubrasil.com.br\/blog\/cientistas-acreditam-que-o-tempo-esta-desacelerando\/#local-main-organization-logo","url":"https:\/\/www.cidadesdomeubrasil.com.br\/blog\/wp-content\/uploads\/2015\/11\/logo.png","contentUrl":"https:\/\/www.cidadesdomeubrasil.com.br\/blog\/wp-content\/uploads\/2015\/11\/logo.png","width":347,"height":80,"caption":"Cidades do meu Brasil"}]}},"jetpack_publicize_connections":[],"jetpack_featured_media_url":"https:\/\/www.cidadesdomeubrasil.com.br\/blog\/wp-content\/uploads\/2022\/08\/atrasando-relogio-desacelerando-tempo.jpg","wps_subtitle":"Seria poss\u00edvel que o tempo esteja desacelerando? \u00c9 isto que sugere um estudo de um pesquisador espanhol","jetpack_shortlink":"https:\/\/wp.me\/p52h2W-blE","jetpack_sharing_enabled":true,"_links":{"self":[{"href":"https:\/\/www.cidadesdomeubrasil.com.br\/blog\/wp-json\/wp\/v2\/posts\/43626","targetHints":{"allow":["GET"]}}],"collection":[{"href":"https:\/\/www.cidadesdomeubrasil.com.br\/blog\/wp-json\/wp\/v2\/posts"}],"about":[{"href":"https:\/\/www.cidadesdomeubrasil.com.br\/blog\/wp-json\/wp\/v2\/types\/post"}],"author":[{"embeddable":true,"href":"https:\/\/www.cidadesdomeubrasil.com.br\/blog\/wp-json\/wp\/v2\/users\/1"}],"replies":[{"embeddable":true,"href":"https:\/\/www.cidadesdomeubrasil.com.br\/blog\/wp-json\/wp\/v2\/comments?post=43626"}],"version-history":[{"count":2,"href":"https:\/\/www.cidadesdomeubrasil.com.br\/blog\/wp-json\/wp\/v2\/posts\/43626\/revisions"}],"predecessor-version":[{"id":43631,"href":"https:\/\/www.cidadesdomeubrasil.com.br\/blog\/wp-json\/wp\/v2\/posts\/43626\/revisions\/43631"}],"wp:featuredmedia":[{"embeddable":true,"href":"https:\/\/www.cidadesdomeubrasil.com.br\/blog\/wp-json\/wp\/v2\/media\/43628"}],"wp:attachment":[{"href":"https:\/\/www.cidadesdomeubrasil.com.br\/blog\/wp-json\/wp\/v2\/media?parent=43626"}],"wp:term":[{"taxonomy":"category","embeddable":true,"href":"https:\/\/www.cidadesdomeubrasil.com.br\/blog\/wp-json\/wp\/v2\/categories?post=43626"},{"taxonomy":"post_tag","embeddable":true,"href":"https:\/\/www.cidadesdomeubrasil.com.br\/blog\/wp-json\/wp\/v2\/tags?post=43626"}],"curies":[{"name":"wp","href":"https:\/\/api.w.org\/{rel}","templated":true}]}}