{"id":41745,"date":"2022-05-19T00:03:22","date_gmt":"2022-05-19T00:03:22","guid":{"rendered":"https:\/\/www.cidadesdomeubrasil.com.br\/blog\/?p=41745"},"modified":"2022-06-29T17:50:02","modified_gmt":"2022-06-29T17:50:02","slug":"caravana-sobre-educacao-no-transito-impacta-escolas-em-cidades-paulistas","status":"publish","type":"post","link":"https:\/\/www.cidadesdomeubrasil.com.br\/blog\/caravana-sobre-educacao-no-transito-impacta-escolas-em-cidades-paulistas\/","title":{"rendered":"Caravana sobre Educa\u00e7\u00e3o no Tr\u00e2nsito impacta escolas em cidades paulistas"},"content":{"rendered":"<p id=\"PxHUxtL\"><img loading=\"lazy\" decoding=\"async\" data-attachment-id=\"41746\" data-permalink=\"https:\/\/www.cidadesdomeubrasil.com.br\/blog\/caravana-sobre-educacao-no-transito-impacta-escolas-em-cidades-paulistas\/img_628586a12b139\/\" data-orig-file=\"https:\/\/www.cidadesdomeubrasil.com.br\/blog\/wp-content\/uploads\/2022\/05\/img_628586a12b139.png\" data-orig-size=\"1299,866\" data-comments-opened=\"1\" data-image-meta=\"{&quot;aperture&quot;:&quot;0&quot;,&quot;credit&quot;:&quot;&quot;,&quot;camera&quot;:&quot;&quot;,&quot;caption&quot;:&quot;&quot;,&quot;created_timestamp&quot;:&quot;0&quot;,&quot;copyright&quot;:&quot;&quot;,&quot;focal_length&quot;:&quot;0&quot;,&quot;iso&quot;:&quot;0&quot;,&quot;shutter_speed&quot;:&quot;0&quot;,&quot;title&quot;:&quot;&quot;,&quot;orientation&quot;:&quot;0&quot;}\" data-image-title=\"img_628586a12b139\" data-image-description=\"\" data-image-caption=\"\" data-medium-file=\"https:\/\/www.cidadesdomeubrasil.com.br\/blog\/wp-content\/uploads\/2022\/05\/img_628586a12b139-300x200.png\" data-large-file=\"https:\/\/www.cidadesdomeubrasil.com.br\/blog\/wp-content\/uploads\/2022\/05\/img_628586a12b139-1024x683.png\" class=\"aligncenter wp-image-41746 size-large\" src=\"http:\/\/www.cidadesdomeubrasil.com.br\/blog\/wp-content\/uploads\/2022\/05\/img_628586a12b139-1024x683.png\" alt=\"\" width=\"662\" height=\"442\" srcset=\"https:\/\/www.cidadesdomeubrasil.com.br\/blog\/wp-content\/uploads\/2022\/05\/img_628586a12b139-1024x683.png 1024w, https:\/\/www.cidadesdomeubrasil.com.br\/blog\/wp-content\/uploads\/2022\/05\/img_628586a12b139-300x200.png 300w, https:\/\/www.cidadesdomeubrasil.com.br\/blog\/wp-content\/uploads\/2022\/05\/img_628586a12b139-768x512.png 768w, https:\/\/www.cidadesdomeubrasil.com.br\/blog\/wp-content\/uploads\/2022\/05\/img_628586a12b139-561x374.png 561w, https:\/\/www.cidadesdomeubrasil.com.br\/blog\/wp-content\/uploads\/2022\/05\/img_628586a12b139-1122x748.png 1122w, https:\/\/www.cidadesdomeubrasil.com.br\/blog\/wp-content\/uploads\/2022\/05\/img_628586a12b139-265x177.png 265w, https:\/\/www.cidadesdomeubrasil.com.br\/blog\/wp-content\/uploads\/2022\/05\/img_628586a12b139-531x354.png 531w, https:\/\/www.cidadesdomeubrasil.com.br\/blog\/wp-content\/uploads\/2022\/05\/img_628586a12b139-364x243.png 364w, https:\/\/www.cidadesdomeubrasil.com.br\/blog\/wp-content\/uploads\/2022\/05\/img_628586a12b139-728x485.png 728w, https:\/\/www.cidadesdomeubrasil.com.br\/blog\/wp-content\/uploads\/2022\/05\/img_628586a12b139-608x405.png 608w, https:\/\/www.cidadesdomeubrasil.com.br\/blog\/wp-content\/uploads\/2022\/05\/img_628586a12b139-758x505.png 758w, https:\/\/www.cidadesdomeubrasil.com.br\/blog\/wp-content\/uploads\/2022\/05\/img_628586a12b139-1152x768.png 1152w, https:\/\/www.cidadesdomeubrasil.com.br\/blog\/wp-content\/uploads\/2022\/05\/img_628586a12b139-560x373.png 560w, https:\/\/www.cidadesdomeubrasil.com.br\/blog\/wp-content\/uploads\/2022\/05\/img_628586a12b139-150x100.png 150w, https:\/\/www.cidadesdomeubrasil.com.br\/blog\/wp-content\/uploads\/2022\/05\/img_628586a12b139.png 1299w\" sizes=\"auto, (max-width: 662px) 100vw, 662px\" \/><\/p>\n<p align=\"justify\">\n<p class=\"western\" align=\"justify\">A Caravana Renovarte est\u00e1 na estrada desde o dia 16 de maio, em um itiner\u00e1rio pelo estado de S\u00e3o Paulo, com passagem em escolas de 5 cidades diferentes &#8211; <a href=\"https:\/\/www.cidadesdomeubrasil.com.br\/sp\/piracicaba\">Piracicaba<\/a>, <a href=\"https:\/\/www.cidadesdomeubrasil.com.br\/sp\/sao_carlos\">S\u00e3o Carlos<\/a>, <a href=\"https:\/\/www.cidadesdomeubrasil.com.br\/sp\/bauru\">Bauru<\/a>, <a href=\"https:\/\/www.cidadesdomeubrasil.com.br\/sp\/jau\">Ja\u00fa<\/a> e <a href=\"https:\/\/www.cidadesdomeubrasil.com.br\/sp\/marilia\">Mar\u00edlia<\/a> &#8211; para falar sobre Educa\u00e7\u00e3o no Tr\u00e2nsito.<\/p>\n<p class=\"western\" align=\"justify\">O projeto, em apoio ao Maio Amarelo \u2013 movimento internacional de conscientiza\u00e7\u00e3o para a redu\u00e7\u00e3o da mortalidade no tr\u00e2nsito \u2013 consiste em atividades l\u00fadicas que envolvem interven\u00e7\u00f5es c\u00eanicas gamificadas, apresenta\u00e7\u00e3o da pe\u00e7a teatral Amigos do Baob\u00e1 em: &#8220;De quem \u00e9 a rua?&#8221;, entrega de 2.130 revistinhas informativas aos alunos e a promo\u00e7\u00e3o de um workshop para os professores.<\/p>\n<p class=\"western\" align=\"justify\">A apresenta\u00e7\u00e3o na cidade de JA\u00da acontecer\u00e1 na quinta-feira, dia 19 de maio, na <b>EMEF Maria de Lourdes C Mello<\/b><i>, <\/i>e na cidade de MAR\u00cdLIA acontecer\u00e1 na sexta-feira, dia 20 de maio, na <b>EMEF Nelson Gabaldi<\/b>.<\/p>\n<p class=\"western\" align=\"justify\">A Caravana \u00e9 pensada, desenhada e planejada com um olhar voltado a uma causa urgente na realidade social, e busca inspirar atrav\u00e9s de uma educa\u00e7\u00e3o transformadora, trazendo v\u00e1rias ferramentas que facilitar\u00e3o o trabalho do professor em sala de aula.<\/p>\n<p class=\"western\" align=\"justify\">Com uma programa\u00e7\u00e3o de ocupa\u00e7\u00e3o do espa\u00e7o escolar, os alunos e professores ser\u00e3o envolvidos por diversas a\u00e7\u00f5es que estimulem a reflex\u00e3o sobre o tr\u00e2nsito seguro.<\/p>\n<p align=\"justify\"><a href=\"http:\/\/www.cidadesdomeubrasil.com.br\/blog\/wp-content\/uploads\/2022\/05\/caravana-transito-escola-2.jpg\"><img loading=\"lazy\" decoding=\"async\" data-attachment-id=\"41748\" data-permalink=\"https:\/\/www.cidadesdomeubrasil.com.br\/blog\/caravana-sobre-educacao-no-transito-impacta-escolas-em-cidades-paulistas\/caravana-transito-escola-2\/\" data-orig-file=\"https:\/\/www.cidadesdomeubrasil.com.br\/blog\/wp-content\/uploads\/2022\/05\/caravana-transito-escola-2.jpg\" data-orig-size=\"600,399\" data-comments-opened=\"1\" data-image-meta=\"{&quot;aperture&quot;:&quot;0&quot;,&quot;credit&quot;:&quot;&quot;,&quot;camera&quot;:&quot;&quot;,&quot;caption&quot;:&quot;&quot;,&quot;created_timestamp&quot;:&quot;0&quot;,&quot;copyright&quot;:&quot;&quot;,&quot;focal_length&quot;:&quot;0&quot;,&quot;iso&quot;:&quot;0&quot;,&quot;shutter_speed&quot;:&quot;0&quot;,&quot;title&quot;:&quot;&quot;,&quot;orientation&quot;:&quot;0&quot;}\" data-image-title=\"caravana-transito-escola-2\" data-image-description=\"\" data-image-caption=\"\" data-medium-file=\"https:\/\/www.cidadesdomeubrasil.com.br\/blog\/wp-content\/uploads\/2022\/05\/caravana-transito-escola-2-300x200.jpg\" data-large-file=\"https:\/\/www.cidadesdomeubrasil.com.br\/blog\/wp-content\/uploads\/2022\/05\/caravana-transito-escola-2.jpg\" class=\"aligncenter size-full wp-image-41748\" src=\"http:\/\/www.cidadesdomeubrasil.com.br\/blog\/wp-content\/uploads\/2022\/05\/caravana-transito-escola-2.jpg\" alt=\"\" width=\"600\" height=\"399\" srcset=\"https:\/\/www.cidadesdomeubrasil.com.br\/blog\/wp-content\/uploads\/2022\/05\/caravana-transito-escola-2.jpg 600w, https:\/\/www.cidadesdomeubrasil.com.br\/blog\/wp-content\/uploads\/2022\/05\/caravana-transito-escola-2-300x200.jpg 300w, https:\/\/www.cidadesdomeubrasil.com.br\/blog\/wp-content\/uploads\/2022\/05\/caravana-transito-escola-2-561x373.jpg 561w, https:\/\/www.cidadesdomeubrasil.com.br\/blog\/wp-content\/uploads\/2022\/05\/caravana-transito-escola-2-265x176.jpg 265w, https:\/\/www.cidadesdomeubrasil.com.br\/blog\/wp-content\/uploads\/2022\/05\/caravana-transito-escola-2-531x353.jpg 531w, https:\/\/www.cidadesdomeubrasil.com.br\/blog\/wp-content\/uploads\/2022\/05\/caravana-transito-escola-2-364x242.jpg 364w, https:\/\/www.cidadesdomeubrasil.com.br\/blog\/wp-content\/uploads\/2022\/05\/caravana-transito-escola-2-560x372.jpg 560w, https:\/\/www.cidadesdomeubrasil.com.br\/blog\/wp-content\/uploads\/2022\/05\/caravana-transito-escola-2-150x100.jpg 150w\" sizes=\"auto, (max-width: 600px) 100vw, 600px\" \/><\/a><\/p>\n<p class=\"western\" align=\"justify\">Para que os ensinamentos v\u00e3o al\u00e9m do ambiente escolar, cada aluno receber\u00e1 uma revistinha informativa com diversas atividades e ilustra\u00e7\u00f5es sobre a Caravana.<\/p>\n<p class=\"western\" align=\"justify\">A proposta \u00e9 refor\u00e7ar os aprendizados por meio de atividades gamificadas &#8211; que utilizam a l\u00f3gica dos jogos &#8211; de forma que o estudante aprenda ativamente, de maneira interativa e divertida, e seja estimulado a jogar com seus pais ou respons\u00e1veis.<\/p>\n<p class=\"western\" align=\"justify\">TEATRO A hist\u00f3ria do espet\u00e1culo Amigos de Baob\u00e1 em &#8220;De quem \u00e9 a Rua?&#8221; inicia com o Jo\u00e3o, um estudante que recebe uma tarefa muito complicada: escrever uma reda\u00e7\u00e3o com o tema De quem \u00e9 a rua?<\/p>\n<p class=\"western\" align=\"justify\">Estimulado por essa quest\u00e3o, e amparado por amigos de v\u00e1rias partes do mundo, ele entra em uma grande aventura pelas trilhas do conhecimento.<\/p>\n<p class=\"western\" align=\"justify\">Nesse caminho, constru\u00eddo tamb\u00e9m com toques de humor e poesia, Jo\u00e3o passa a compreender o poder do respeito e da boa conviv\u00eancia em tornar qualquer lugar muito especial.<\/p>\n<p class=\"western\" align=\"justify\">INTERVEN\u00c7\u00d5ES C\u00caNICAS Atrav\u00e9s de quatro divertidas interven\u00e7\u00f5es c\u00eanicas, guiadas por carism\u00e1ticos personagens do cotidiano das ruas, avenidas e estradas do Brasil, os alunos ser\u00e3o convidados a um passeio por divertidas hist\u00f3rias que ir\u00e3o ensinar muitas coisas sobre o mundo do tr\u00e2nsito \u2013 como as regras, a seguran\u00e7a, a aten\u00e7\u00e3o e a paci\u00eancia.<\/p>\n<p class=\"western\" align=\"justify\">WORKSHOP PARA DOCENTES Enquanto os alunos acompanham o espet\u00e1culo e as interven\u00e7\u00f5es c\u00eanicas, os docentes da escola receber\u00e3o uma atividade especialmente pensada para eles.<\/p>\n<p class=\"western\" align=\"justify\">O Workshop Semear aborda o caminho do conhecimento at\u00e9 hoje e apresenta formas criativas de se ensinar.<\/p>\n<p class=\"western\" align=\"justify\">Ao final, cada participante ainda recebe um kit personalizado contendo um bloco de notas, uma caneta e um post it.<\/p>\n<p class=\"western\" align=\"justify\">\n<p align=\"justify\">Este projeto \u00e9 viabilizado pela Lei de Incentivo \u00e0 Cultura do Governo Federal, com patroc\u00ednio da Eixo SP, respons\u00e1vel pela maior concess\u00e3o rodovi\u00e1ria do Pa\u00eds, com mais de 1,2 mil quil\u00f4metros de malha formada por 12 rodovias paulistas que passam por 62 munic\u00edpios desde a regi\u00e3o de Rio Claro, no centro do Estado, at\u00e9 Panorama, no extremo oeste, na divisa com o Mato Grosso do Sul.<\/p>\n<p align=\"justify\"><a href=\"http:\/\/www.cidadesdomeubrasil.com.br\/blog\/wp-content\/uploads\/2022\/05\/caravana-transito-escola-1.jpg\"><img loading=\"lazy\" decoding=\"async\" data-attachment-id=\"41747\" data-permalink=\"https:\/\/www.cidadesdomeubrasil.com.br\/blog\/caravana-sobre-educacao-no-transito-impacta-escolas-em-cidades-paulistas\/caravana-transito-escola-1\/\" data-orig-file=\"https:\/\/www.cidadesdomeubrasil.com.br\/blog\/wp-content\/uploads\/2022\/05\/caravana-transito-escola-1.jpg\" data-orig-size=\"600,399\" data-comments-opened=\"1\" data-image-meta=\"{&quot;aperture&quot;:&quot;0&quot;,&quot;credit&quot;:&quot;&quot;,&quot;camera&quot;:&quot;&quot;,&quot;caption&quot;:&quot;&quot;,&quot;created_timestamp&quot;:&quot;0&quot;,&quot;copyright&quot;:&quot;&quot;,&quot;focal_length&quot;:&quot;0&quot;,&quot;iso&quot;:&quot;0&quot;,&quot;shutter_speed&quot;:&quot;0&quot;,&quot;title&quot;:&quot;&quot;,&quot;orientation&quot;:&quot;0&quot;}\" data-image-title=\"caravana-transito-escola-1\" data-image-description=\"\" data-image-caption=\"\" data-medium-file=\"https:\/\/www.cidadesdomeubrasil.com.br\/blog\/wp-content\/uploads\/2022\/05\/caravana-transito-escola-1-300x200.jpg\" data-large-file=\"https:\/\/www.cidadesdomeubrasil.com.br\/blog\/wp-content\/uploads\/2022\/05\/caravana-transito-escola-1.jpg\" class=\"aligncenter size-full wp-image-41747\" src=\"http:\/\/www.cidadesdomeubrasil.com.br\/blog\/wp-content\/uploads\/2022\/05\/caravana-transito-escola-1.jpg\" alt=\"\" width=\"600\" height=\"399\" srcset=\"https:\/\/www.cidadesdomeubrasil.com.br\/blog\/wp-content\/uploads\/2022\/05\/caravana-transito-escola-1.jpg 600w, https:\/\/www.cidadesdomeubrasil.com.br\/blog\/wp-content\/uploads\/2022\/05\/caravana-transito-escola-1-300x200.jpg 300w, https:\/\/www.cidadesdomeubrasil.com.br\/blog\/wp-content\/uploads\/2022\/05\/caravana-transito-escola-1-561x373.jpg 561w, https:\/\/www.cidadesdomeubrasil.com.br\/blog\/wp-content\/uploads\/2022\/05\/caravana-transito-escola-1-265x176.jpg 265w, https:\/\/www.cidadesdomeubrasil.com.br\/blog\/wp-content\/uploads\/2022\/05\/caravana-transito-escola-1-531x353.jpg 531w, https:\/\/www.cidadesdomeubrasil.com.br\/blog\/wp-content\/uploads\/2022\/05\/caravana-transito-escola-1-364x242.jpg 364w, https:\/\/www.cidadesdomeubrasil.com.br\/blog\/wp-content\/uploads\/2022\/05\/caravana-transito-escola-1-560x372.jpg 560w, https:\/\/www.cidadesdomeubrasil.com.br\/blog\/wp-content\/uploads\/2022\/05\/caravana-transito-escola-1-150x100.jpg 150w\" sizes=\"auto, (max-width: 600px) 100vw, 600px\" \/><\/a><\/p>\n<p class=\"western\" align=\"justify\">A produ\u00e7\u00e3o da Caravana \u00e9 da Renovarte Produtora Cultural, que promove, por meio da cultura e da arte, projetos de transforma\u00e7\u00e3o social e sustent\u00e1vel para formar pessoas por meio da valoriza\u00e7\u00e3o do ser humano, da criatividade, do desenvolvimento e da comunica\u00e7\u00e3o.<\/p>\n<p class=\"western\" align=\"justify\"><b>SERVI\u00c7O: <\/b><b>Caravana Renovarte &#8211; Educa\u00e7\u00e3o no Tr\u00e2nsito<\/b><\/p>\n<p class=\"western\" align=\"justify\"><b>PROGRAMA\u00c7\u00c3O<\/b><\/p>\n<p class=\"western\" align=\"justify\"><i>16\/05 \u2013 Piracicaba: EMEIEFAdolfo Basile<\/i><\/p>\n<p class=\"western\" align=\"justify\"><i>17\/05 \u2013 S\u00e3o Carlos: EMEB Prof\u00aa Angelina Dagnone de Melo<\/i><\/p>\n<p class=\"western\" align=\"justify\"><i>18\/05 \u2013 Bauru: EMEF Prof. Jos\u00e9 Rom\u00e3o<\/i><\/p>\n<p class=\"western\" align=\"justify\"><i>19\/05 \u2013 Ja\u00fa: EMEF Maria de Lourdes C Mello<\/i><\/p>\n<p class=\"western\" align=\"justify\"><i>20\/05 \u2013 Mar\u00edlia: EMEF Nelson Gabaldi<\/i><\/p>\n<p class=\"western\" align=\"justify\"><b>Patroc\u00ednio: Eixo SP<\/b><\/p>\n<p class=\"western\" align=\"justify\"><b>Produ\u00e7\u00e3o: Renovarte Produtora Cultural<\/b><\/p>\n","protected":false},"excerpt":{"rendered":"<p>A Caravana Renovarte est\u00e1 na estrada desde o dia 16 de maio, em um itiner\u00e1rio pelo estado de S\u00e3o Paulo, com passagem em escolas de 5 cidades diferentes &#8211; Piracicaba, S\u00e3o Carlos, Bauru, Ja\u00fa e Mar\u00edlia &#8211; para falar sobre Educa\u00e7\u00e3o no Tr\u00e2nsito. O projeto, em apoio ao Maio Amarelo \u2013 movimento internacional de conscientiza\u00e7\u00e3o [&hellip;] <a class=\"g1-link g1-link-more\" href=\"https:\/\/www.cidadesdomeubrasil.com.br\/blog\/caravana-sobre-educacao-no-transito-impacta-escolas-em-cidades-paulistas\/\">Mais<\/a><\/p>\n","protected":false},"author":1,"featured_media":41746,"comment_status":"open","ping_status":"open","sticky":false,"template":"","format":"standard","meta":{"jetpack_post_was_ever_published":false,"_jetpack_newsletter_access":"","_jetpack_dont_email_post_to_subs":false,"_jetpack_newsletter_tier_id":0,"_jetpack_memberships_contains_paywalled_content":false,"fifu_image_url":"","fifu_image_alt":"","_jetpack_memberships_contains_paid_content":false,"footnotes":"","jetpack_publicize_message":"","jetpack_publicize_feature_enabled":true,"jetpack_social_post_already_shared":true,"jetpack_social_options":{"image_generator_settings":{"template":"highway","default_image_id":0,"font":"","enabled":false},"version":2}},"categories":[162],"tags":[],"class_list":{"0":"post-41745","1":"post","2":"type-post","3":"status-publish","4":"format-standard","5":"has-post-thumbnail","7":"category-educacao"},"yoast_head":"<!-- This site is optimized with the Yoast SEO plugin v26.5 - https:\/\/yoast.com\/wordpress\/plugins\/seo\/ -->\n<title>Caravana sobre Educa\u00e7\u00e3o no Tr\u00e2nsito impacta escolas em cidades paulistas - Blog Brasil<\/title>\n<meta name=\"robots\" content=\"index, follow, max-snippet:-1, max-image-preview:large, max-video-preview:-1\" \/>\n<link rel=\"canonical\" href=\"https:\/\/www.cidadesdomeubrasil.com.br\/blog\/caravana-sobre-educacao-no-transito-impacta-escolas-em-cidades-paulistas\/\" \/>\n<meta property=\"og:locale\" content=\"pt_BR\" \/>\n<meta property=\"og:type\" content=\"article\" \/>\n<meta property=\"og:title\" content=\"Caravana sobre Educa\u00e7\u00e3o no Tr\u00e2nsito impacta escolas em cidades paulistas - Blog Brasil\" \/>\n<meta property=\"og:description\" content=\"A Caravana Renovarte est\u00e1 na estrada desde o dia 16 de maio, em um itiner\u00e1rio pelo estado de S\u00e3o Paulo, com passagem em escolas de 5 cidades diferentes &#8211; Piracicaba, S\u00e3o Carlos, Bauru, Ja\u00fa e Mar\u00edlia &#8211; para falar sobre Educa\u00e7\u00e3o no Tr\u00e2nsito. O projeto, em apoio ao Maio Amarelo \u2013 movimento internacional de conscientiza\u00e7\u00e3o [&hellip;] Mais\" \/>\n<meta property=\"og:url\" content=\"https:\/\/www.cidadesdomeubrasil.com.br\/blog\/caravana-sobre-educacao-no-transito-impacta-escolas-em-cidades-paulistas\/\" \/>\n<meta property=\"og:site_name\" content=\"Blog Brasil\" \/>\n<meta property=\"article:publisher\" content=\"https:\/\/web.facebook.com\/cidades.do.meu.Brasil\" \/>\n<meta property=\"article:published_time\" content=\"2022-05-19T00:03:22+00:00\" \/>\n<meta property=\"article:modified_time\" content=\"2022-06-29T17:50:02+00:00\" \/>\n<meta property=\"og:image\" content=\"https:\/\/www.cidadesdomeubrasil.com.br\/blog\/wp-content\/uploads\/2022\/05\/img_628586a12b139.png\" \/>\n\t<meta property=\"og:image:width\" content=\"1299\" \/>\n\t<meta property=\"og:image:height\" content=\"866\" \/>\n\t<meta property=\"og:image:type\" content=\"image\/png\" \/>\n<meta name=\"author\" content=\"Ivanilton Quinto\" \/>\n<meta name=\"twitter:card\" content=\"summary_large_image\" \/>\n<meta name=\"twitter:label1\" content=\"Escrito por\" \/>\n\t<meta name=\"twitter:data1\" content=\"Ivanilton Quinto\" \/>\n\t<meta name=\"twitter:label2\" content=\"Est. tempo de leitura\" \/>\n\t<meta name=\"twitter:data2\" content=\"4 minutos\" \/>\n<script type=\"application\/ld+json\" class=\"yoast-schema-graph\">{\"@context\":\"https:\/\/schema.org\",\"@graph\":[{\"@type\":\"Article\",\"@id\":\"https:\/\/www.cidadesdomeubrasil.com.br\/blog\/caravana-sobre-educacao-no-transito-impacta-escolas-em-cidades-paulistas\/#article\",\"isPartOf\":{\"@id\":\"https:\/\/www.cidadesdomeubrasil.com.br\/blog\/caravana-sobre-educacao-no-transito-impacta-escolas-em-cidades-paulistas\/\"},\"author\":{\"name\":\"Ivanilton Quinto\",\"@id\":\"https:\/\/www.cidadesdomeubrasil.com.br\/blog\/#\/schema\/person\/f8f35823b0b1385a41d219538417b376\"},\"headline\":\"Caravana sobre Educa\u00e7\u00e3o no Tr\u00e2nsito impacta escolas em cidades paulistas\",\"datePublished\":\"2022-05-19T00:03:22+00:00\",\"dateModified\":\"2022-06-29T17:50:02+00:00\",\"mainEntityOfPage\":{\"@id\":\"https:\/\/www.cidadesdomeubrasil.com.br\/blog\/caravana-sobre-educacao-no-transito-impacta-escolas-em-cidades-paulistas\/\"},\"wordCount\":691,\"commentCount\":0,\"publisher\":{\"@id\":\"https:\/\/www.cidadesdomeubrasil.com.br\/blog\/#organization\"},\"image\":{\"@id\":\"https:\/\/www.cidadesdomeubrasil.com.br\/blog\/caravana-sobre-educacao-no-transito-impacta-escolas-em-cidades-paulistas\/#primaryimage\"},\"thumbnailUrl\":\"https:\/\/www.cidadesdomeubrasil.com.br\/blog\/wp-content\/uploads\/2022\/05\/img_628586a12b139.png\",\"articleSection\":[\"Educa\u00e7\u00e3o\"],\"inLanguage\":\"pt-BR\",\"potentialAction\":[{\"@type\":\"CommentAction\",\"name\":\"Comment\",\"target\":[\"https:\/\/www.cidadesdomeubrasil.com.br\/blog\/caravana-sobre-educacao-no-transito-impacta-escolas-em-cidades-paulistas\/#respond\"]}],\"copyrightYear\":\"2022\",\"copyrightHolder\":{\"@id\":\"https:\/\/www.cidadesdomeubrasil.com.br\/blog\/#organization\"}},{\"@type\":\"WebPage\",\"@id\":\"https:\/\/www.cidadesdomeubrasil.com.br\/blog\/caravana-sobre-educacao-no-transito-impacta-escolas-em-cidades-paulistas\/\",\"url\":\"https:\/\/www.cidadesdomeubrasil.com.br\/blog\/caravana-sobre-educacao-no-transito-impacta-escolas-em-cidades-paulistas\/\",\"name\":\"Caravana sobre Educa\u00e7\u00e3o no Tr\u00e2nsito impacta escolas em cidades paulistas - Blog Brasil\",\"isPartOf\":{\"@id\":\"https:\/\/www.cidadesdomeubrasil.com.br\/blog\/#website\"},\"primaryImageOfPage\":{\"@id\":\"https:\/\/www.cidadesdomeubrasil.com.br\/blog\/caravana-sobre-educacao-no-transito-impacta-escolas-em-cidades-paulistas\/#primaryimage\"},\"image\":{\"@id\":\"https:\/\/www.cidadesdomeubrasil.com.br\/blog\/caravana-sobre-educacao-no-transito-impacta-escolas-em-cidades-paulistas\/#primaryimage\"},\"thumbnailUrl\":\"https:\/\/www.cidadesdomeubrasil.com.br\/blog\/wp-content\/uploads\/2022\/05\/img_628586a12b139.png\",\"datePublished\":\"2022-05-19T00:03:22+00:00\",\"dateModified\":\"2022-06-29T17:50:02+00:00\",\"breadcrumb\":{\"@id\":\"https:\/\/www.cidadesdomeubrasil.com.br\/blog\/caravana-sobre-educacao-no-transito-impacta-escolas-em-cidades-paulistas\/#breadcrumb\"},\"inLanguage\":\"pt-BR\",\"potentialAction\":[{\"@type\":\"ReadAction\",\"target\":[\"https:\/\/www.cidadesdomeubrasil.com.br\/blog\/caravana-sobre-educacao-no-transito-impacta-escolas-em-cidades-paulistas\/\"]}]},{\"@type\":\"ImageObject\",\"inLanguage\":\"pt-BR\",\"@id\":\"https:\/\/www.cidadesdomeubrasil.com.br\/blog\/caravana-sobre-educacao-no-transito-impacta-escolas-em-cidades-paulistas\/#primaryimage\",\"url\":\"https:\/\/www.cidadesdomeubrasil.com.br\/blog\/wp-content\/uploads\/2022\/05\/img_628586a12b139.png\",\"contentUrl\":\"https:\/\/www.cidadesdomeubrasil.com.br\/blog\/wp-content\/uploads\/2022\/05\/img_628586a12b139.png\",\"width\":1299,\"height\":866},{\"@type\":\"BreadcrumbList\",\"@id\":\"https:\/\/www.cidadesdomeubrasil.com.br\/blog\/caravana-sobre-educacao-no-transito-impacta-escolas-em-cidades-paulistas\/#breadcrumb\",\"itemListElement\":[{\"@type\":\"ListItem\",\"position\":1,\"name\":\"In\u00edcio\",\"item\":\"https:\/\/www.cidadesdomeubrasil.com.br\/blog\/\"},{\"@type\":\"ListItem\",\"position\":2,\"name\":\"Caravana sobre Educa\u00e7\u00e3o no Tr\u00e2nsito impacta escolas em cidades paulistas\"}]},{\"@type\":\"WebSite\",\"@id\":\"https:\/\/www.cidadesdomeubrasil.com.br\/blog\/#website\",\"url\":\"https:\/\/www.cidadesdomeubrasil.com.br\/blog\/\",\"name\":\"Blog Brasil\",\"description\":\"Utilidade P\u00fablica, Turismo e tudo mais para voc\u00ea!\",\"publisher\":{\"@id\":\"https:\/\/www.cidadesdomeubrasil.com.br\/blog\/#organization\"},\"potentialAction\":[{\"@type\":\"SearchAction\",\"target\":{\"@type\":\"EntryPoint\",\"urlTemplate\":\"https:\/\/www.cidadesdomeubrasil.com.br\/blog\/?s={search_term_string}\"},\"query-input\":{\"@type\":\"PropertyValueSpecification\",\"valueRequired\":true,\"valueName\":\"search_term_string\"}}],\"inLanguage\":\"pt-BR\"},{\"@type\":[\"Organization\",\"Place\"],\"@id\":\"https:\/\/www.cidadesdomeubrasil.com.br\/blog\/#organization\",\"name\":\"Cidades do meu Brasil\",\"url\":\"https:\/\/www.cidadesdomeubrasil.com.br\/blog\/\",\"logo\":{\"@id\":\"https:\/\/www.cidadesdomeubrasil.com.br\/blog\/caravana-sobre-educacao-no-transito-impacta-escolas-em-cidades-paulistas\/#local-main-organization-logo\"},\"image\":{\"@id\":\"https:\/\/www.cidadesdomeubrasil.com.br\/blog\/caravana-sobre-educacao-no-transito-impacta-escolas-em-cidades-paulistas\/#local-main-organization-logo\"},\"sameAs\":[\"https:\/\/web.facebook.com\/cidades.do.meu.Brasil\",\"https:\/\/www.youtube.com\/channel\/UCCA5Gj67lVNVC4eJFQu4rnA\"],\"openingHoursSpecification\":[{\"@type\":\"OpeningHoursSpecification\",\"dayOfWeek\":[\"Sunday\",\"Monday\",\"Tuesday\",\"Wednesday\",\"Thursday\",\"Friday\",\"Saturday\"],\"opens\":\"09:00\",\"closes\":\"17:00\"}]},{\"@type\":\"Person\",\"@id\":\"https:\/\/www.cidadesdomeubrasil.com.br\/blog\/#\/schema\/person\/f8f35823b0b1385a41d219538417b376\",\"name\":\"Ivanilton Quinto\",\"image\":{\"@type\":\"ImageObject\",\"inLanguage\":\"pt-BR\",\"@id\":\"https:\/\/www.cidadesdomeubrasil.com.br\/blog\/#\/schema\/person\/image\/\",\"url\":\"https:\/\/secure.gravatar.com\/avatar\/d4a6bbbb044495ea3dee705b21e752a5ddf248daa09a8e01e21909cf3ae695b0?s=96&d=mm&r=g\",\"contentUrl\":\"https:\/\/secure.gravatar.com\/avatar\/d4a6bbbb044495ea3dee705b21e752a5ddf248daa09a8e01e21909cf3ae695b0?s=96&d=mm&r=g\",\"caption\":\"Ivanilton Quinto\"},\"description\":\"Te\u00f3logo e Empreendedor digital\",\"url\":\"https:\/\/www.cidadesdomeubrasil.com.br\/blog\/author\/ivan\/\"},{\"@type\":\"ImageObject\",\"inLanguage\":\"pt-BR\",\"@id\":\"https:\/\/www.cidadesdomeubrasil.com.br\/blog\/caravana-sobre-educacao-no-transito-impacta-escolas-em-cidades-paulistas\/#local-main-organization-logo\",\"url\":\"https:\/\/www.cidadesdomeubrasil.com.br\/blog\/wp-content\/uploads\/2015\/11\/logo.png\",\"contentUrl\":\"https:\/\/www.cidadesdomeubrasil.com.br\/blog\/wp-content\/uploads\/2015\/11\/logo.png\",\"width\":347,\"height\":80,\"caption\":\"Cidades do meu Brasil\"}]}<\/script>\n<!-- \/ Yoast SEO plugin. -->","yoast_head_json":{"title":"Caravana sobre Educa\u00e7\u00e3o no Tr\u00e2nsito impacta escolas em cidades paulistas - Blog Brasil","robots":{"index":"index","follow":"follow","max-snippet":"max-snippet:-1","max-image-preview":"max-image-preview:large","max-video-preview":"max-video-preview:-1"},"canonical":"https:\/\/www.cidadesdomeubrasil.com.br\/blog\/caravana-sobre-educacao-no-transito-impacta-escolas-em-cidades-paulistas\/","og_locale":"pt_BR","og_type":"article","og_title":"Caravana sobre Educa\u00e7\u00e3o no Tr\u00e2nsito impacta escolas em cidades paulistas - Blog Brasil","og_description":"A Caravana Renovarte est\u00e1 na estrada desde o dia 16 de maio, em um itiner\u00e1rio pelo estado de S\u00e3o Paulo, com passagem em escolas de 5 cidades diferentes &#8211; Piracicaba, S\u00e3o Carlos, Bauru, Ja\u00fa e Mar\u00edlia &#8211; para falar sobre Educa\u00e7\u00e3o no Tr\u00e2nsito. O projeto, em apoio ao Maio Amarelo \u2013 movimento internacional de conscientiza\u00e7\u00e3o [&hellip;] Mais","og_url":"https:\/\/www.cidadesdomeubrasil.com.br\/blog\/caravana-sobre-educacao-no-transito-impacta-escolas-em-cidades-paulistas\/","og_site_name":"Blog Brasil","article_publisher":"https:\/\/web.facebook.com\/cidades.do.meu.Brasil","article_published_time":"2022-05-19T00:03:22+00:00","article_modified_time":"2022-06-29T17:50:02+00:00","og_image":[{"width":1299,"height":866,"url":"https:\/\/www.cidadesdomeubrasil.com.br\/blog\/wp-content\/uploads\/2022\/05\/img_628586a12b139.png","type":"image\/png"}],"author":"Ivanilton Quinto","twitter_card":"summary_large_image","twitter_misc":{"Escrito por":"Ivanilton Quinto","Est. tempo de leitura":"4 minutos"},"schema":{"@context":"https:\/\/schema.org","@graph":[{"@type":"Article","@id":"https:\/\/www.cidadesdomeubrasil.com.br\/blog\/caravana-sobre-educacao-no-transito-impacta-escolas-em-cidades-paulistas\/#article","isPartOf":{"@id":"https:\/\/www.cidadesdomeubrasil.com.br\/blog\/caravana-sobre-educacao-no-transito-impacta-escolas-em-cidades-paulistas\/"},"author":{"name":"Ivanilton Quinto","@id":"https:\/\/www.cidadesdomeubrasil.com.br\/blog\/#\/schema\/person\/f8f35823b0b1385a41d219538417b376"},"headline":"Caravana sobre Educa\u00e7\u00e3o no Tr\u00e2nsito impacta escolas em cidades paulistas","datePublished":"2022-05-19T00:03:22+00:00","dateModified":"2022-06-29T17:50:02+00:00","mainEntityOfPage":{"@id":"https:\/\/www.cidadesdomeubrasil.com.br\/blog\/caravana-sobre-educacao-no-transito-impacta-escolas-em-cidades-paulistas\/"},"wordCount":691,"commentCount":0,"publisher":{"@id":"https:\/\/www.cidadesdomeubrasil.com.br\/blog\/#organization"},"image":{"@id":"https:\/\/www.cidadesdomeubrasil.com.br\/blog\/caravana-sobre-educacao-no-transito-impacta-escolas-em-cidades-paulistas\/#primaryimage"},"thumbnailUrl":"https:\/\/www.cidadesdomeubrasil.com.br\/blog\/wp-content\/uploads\/2022\/05\/img_628586a12b139.png","articleSection":["Educa\u00e7\u00e3o"],"inLanguage":"pt-BR","potentialAction":[{"@type":"CommentAction","name":"Comment","target":["https:\/\/www.cidadesdomeubrasil.com.br\/blog\/caravana-sobre-educacao-no-transito-impacta-escolas-em-cidades-paulistas\/#respond"]}],"copyrightYear":"2022","copyrightHolder":{"@id":"https:\/\/www.cidadesdomeubrasil.com.br\/blog\/#organization"}},{"@type":"WebPage","@id":"https:\/\/www.cidadesdomeubrasil.com.br\/blog\/caravana-sobre-educacao-no-transito-impacta-escolas-em-cidades-paulistas\/","url":"https:\/\/www.cidadesdomeubrasil.com.br\/blog\/caravana-sobre-educacao-no-transito-impacta-escolas-em-cidades-paulistas\/","name":"Caravana sobre Educa\u00e7\u00e3o no Tr\u00e2nsito impacta escolas em cidades paulistas - Blog Brasil","isPartOf":{"@id":"https:\/\/www.cidadesdomeubrasil.com.br\/blog\/#website"},"primaryImageOfPage":{"@id":"https:\/\/www.cidadesdomeubrasil.com.br\/blog\/caravana-sobre-educacao-no-transito-impacta-escolas-em-cidades-paulistas\/#primaryimage"},"image":{"@id":"https:\/\/www.cidadesdomeubrasil.com.br\/blog\/caravana-sobre-educacao-no-transito-impacta-escolas-em-cidades-paulistas\/#primaryimage"},"thumbnailUrl":"https:\/\/www.cidadesdomeubrasil.com.br\/blog\/wp-content\/uploads\/2022\/05\/img_628586a12b139.png","datePublished":"2022-05-19T00:03:22+00:00","dateModified":"2022-06-29T17:50:02+00:00","breadcrumb":{"@id":"https:\/\/www.cidadesdomeubrasil.com.br\/blog\/caravana-sobre-educacao-no-transito-impacta-escolas-em-cidades-paulistas\/#breadcrumb"},"inLanguage":"pt-BR","potentialAction":[{"@type":"ReadAction","target":["https:\/\/www.cidadesdomeubrasil.com.br\/blog\/caravana-sobre-educacao-no-transito-impacta-escolas-em-cidades-paulistas\/"]}]},{"@type":"ImageObject","inLanguage":"pt-BR","@id":"https:\/\/www.cidadesdomeubrasil.com.br\/blog\/caravana-sobre-educacao-no-transito-impacta-escolas-em-cidades-paulistas\/#primaryimage","url":"https:\/\/www.cidadesdomeubrasil.com.br\/blog\/wp-content\/uploads\/2022\/05\/img_628586a12b139.png","contentUrl":"https:\/\/www.cidadesdomeubrasil.com.br\/blog\/wp-content\/uploads\/2022\/05\/img_628586a12b139.png","width":1299,"height":866},{"@type":"BreadcrumbList","@id":"https:\/\/www.cidadesdomeubrasil.com.br\/blog\/caravana-sobre-educacao-no-transito-impacta-escolas-em-cidades-paulistas\/#breadcrumb","itemListElement":[{"@type":"ListItem","position":1,"name":"In\u00edcio","item":"https:\/\/www.cidadesdomeubrasil.com.br\/blog\/"},{"@type":"ListItem","position":2,"name":"Caravana sobre Educa\u00e7\u00e3o no Tr\u00e2nsito impacta escolas em cidades paulistas"}]},{"@type":"WebSite","@id":"https:\/\/www.cidadesdomeubrasil.com.br\/blog\/#website","url":"https:\/\/www.cidadesdomeubrasil.com.br\/blog\/","name":"Blog Brasil","description":"Utilidade P\u00fablica, Turismo e tudo mais para voc\u00ea!","publisher":{"@id":"https:\/\/www.cidadesdomeubrasil.com.br\/blog\/#organization"},"potentialAction":[{"@type":"SearchAction","target":{"@type":"EntryPoint","urlTemplate":"https:\/\/www.cidadesdomeubrasil.com.br\/blog\/?s={search_term_string}"},"query-input":{"@type":"PropertyValueSpecification","valueRequired":true,"valueName":"search_term_string"}}],"inLanguage":"pt-BR"},{"@type":["Organization","Place"],"@id":"https:\/\/www.cidadesdomeubrasil.com.br\/blog\/#organization","name":"Cidades do meu Brasil","url":"https:\/\/www.cidadesdomeubrasil.com.br\/blog\/","logo":{"@id":"https:\/\/www.cidadesdomeubrasil.com.br\/blog\/caravana-sobre-educacao-no-transito-impacta-escolas-em-cidades-paulistas\/#local-main-organization-logo"},"image":{"@id":"https:\/\/www.cidadesdomeubrasil.com.br\/blog\/caravana-sobre-educacao-no-transito-impacta-escolas-em-cidades-paulistas\/#local-main-organization-logo"},"sameAs":["https:\/\/web.facebook.com\/cidades.do.meu.Brasil","https:\/\/www.youtube.com\/channel\/UCCA5Gj67lVNVC4eJFQu4rnA"],"openingHoursSpecification":[{"@type":"OpeningHoursSpecification","dayOfWeek":["Sunday","Monday","Tuesday","Wednesday","Thursday","Friday","Saturday"],"opens":"09:00","closes":"17:00"}]},{"@type":"Person","@id":"https:\/\/www.cidadesdomeubrasil.com.br\/blog\/#\/schema\/person\/f8f35823b0b1385a41d219538417b376","name":"Ivanilton Quinto","image":{"@type":"ImageObject","inLanguage":"pt-BR","@id":"https:\/\/www.cidadesdomeubrasil.com.br\/blog\/#\/schema\/person\/image\/","url":"https:\/\/secure.gravatar.com\/avatar\/d4a6bbbb044495ea3dee705b21e752a5ddf248daa09a8e01e21909cf3ae695b0?s=96&d=mm&r=g","contentUrl":"https:\/\/secure.gravatar.com\/avatar\/d4a6bbbb044495ea3dee705b21e752a5ddf248daa09a8e01e21909cf3ae695b0?s=96&d=mm&r=g","caption":"Ivanilton Quinto"},"description":"Te\u00f3logo e Empreendedor digital","url":"https:\/\/www.cidadesdomeubrasil.com.br\/blog\/author\/ivan\/"},{"@type":"ImageObject","inLanguage":"pt-BR","@id":"https:\/\/www.cidadesdomeubrasil.com.br\/blog\/caravana-sobre-educacao-no-transito-impacta-escolas-em-cidades-paulistas\/#local-main-organization-logo","url":"https:\/\/www.cidadesdomeubrasil.com.br\/blog\/wp-content\/uploads\/2015\/11\/logo.png","contentUrl":"https:\/\/www.cidadesdomeubrasil.com.br\/blog\/wp-content\/uploads\/2015\/11\/logo.png","width":347,"height":80,"caption":"Cidades do meu Brasil"}]}},"jetpack_publicize_connections":[],"jetpack_featured_media_url":"https:\/\/www.cidadesdomeubrasil.com.br\/blog\/wp-content\/uploads\/2022\/05\/img_628586a12b139.png","wps_subtitle":"Projeto passa por institui\u00e7\u00f5es de ensino com uma programa\u00e7\u00e3o de ocupa\u00e7\u00e3o do espa\u00e7o escolar, recheada de atividades l\u00fadicas sobre Educa\u00e7\u00e3o no Tr\u00e2nsito","jetpack_shortlink":"https:\/\/wp.me\/p52h2W-aRj","jetpack_sharing_enabled":true,"_links":{"self":[{"href":"https:\/\/www.cidadesdomeubrasil.com.br\/blog\/wp-json\/wp\/v2\/posts\/41745","targetHints":{"allow":["GET"]}}],"collection":[{"href":"https:\/\/www.cidadesdomeubrasil.com.br\/blog\/wp-json\/wp\/v2\/posts"}],"about":[{"href":"https:\/\/www.cidadesdomeubrasil.com.br\/blog\/wp-json\/wp\/v2\/types\/post"}],"author":[{"embeddable":true,"href":"https:\/\/www.cidadesdomeubrasil.com.br\/blog\/wp-json\/wp\/v2\/users\/1"}],"replies":[{"embeddable":true,"href":"https:\/\/www.cidadesdomeubrasil.com.br\/blog\/wp-json\/wp\/v2\/comments?post=41745"}],"version-history":[{"count":1,"href":"https:\/\/www.cidadesdomeubrasil.com.br\/blog\/wp-json\/wp\/v2\/posts\/41745\/revisions"}],"predecessor-version":[{"id":41750,"href":"https:\/\/www.cidadesdomeubrasil.com.br\/blog\/wp-json\/wp\/v2\/posts\/41745\/revisions\/41750"}],"wp:featuredmedia":[{"embeddable":true,"href":"https:\/\/www.cidadesdomeubrasil.com.br\/blog\/wp-json\/wp\/v2\/media\/41746"}],"wp:attachment":[{"href":"https:\/\/www.cidadesdomeubrasil.com.br\/blog\/wp-json\/wp\/v2\/media?parent=41745"}],"wp:term":[{"taxonomy":"category","embeddable":true,"href":"https:\/\/www.cidadesdomeubrasil.com.br\/blog\/wp-json\/wp\/v2\/categories?post=41745"},{"taxonomy":"post_tag","embeddable":true,"href":"https:\/\/www.cidadesdomeubrasil.com.br\/blog\/wp-json\/wp\/v2\/tags?post=41745"}],"curies":[{"name":"wp","href":"https:\/\/api.w.org\/{rel}","templated":true}]}}