{"id":2403,"date":"2023-04-10T06:25:11","date_gmt":"2023-04-10T06:25:11","guid":{"rendered":"http:\/\/www.cidadesdomeubrasil.com.br\/blog\/?p=2403"},"modified":"2023-04-10T18:35:54","modified_gmt":"2023-04-10T18:35:54","slug":"festa-da-uva-em-jundiai","status":"publish","type":"post","link":"https:\/\/www.cidadesdomeubrasil.com.br\/blog\/festa-da-uva-em-jundiai\/","title":{"rendered":"Voc\u00ea conhece a Festa da Uva em Jundia\u00ed?"},"content":{"rendered":"<p><a href=\"https:\/\/www.cidadesdomeubrasil.com.br\/blog\/festa-da-uva-em-jundiai\/\"><img loading=\"lazy\" decoding=\"async\" data-attachment-id=\"2404\" data-permalink=\"https:\/\/www.cidadesdomeubrasil.com.br\/blog\/festa-da-uva-em-jundiai\/festa-da-uva-em-jundiai-2\/\" data-orig-file=\"https:\/\/www.cidadesdomeubrasil.com.br\/blog\/wp-content\/uploads\/2019\/02\/festa-da-uva-em-jundiai.jpg\" data-orig-size=\"640,480\" data-comments-opened=\"1\" data-image-meta=\"{&quot;aperture&quot;:&quot;0&quot;,&quot;credit&quot;:&quot;&quot;,&quot;camera&quot;:&quot;&quot;,&quot;caption&quot;:&quot;&quot;,&quot;created_timestamp&quot;:&quot;0&quot;,&quot;copyright&quot;:&quot;&quot;,&quot;focal_length&quot;:&quot;0&quot;,&quot;iso&quot;:&quot;0&quot;,&quot;shutter_speed&quot;:&quot;0&quot;,&quot;title&quot;:&quot;&quot;,&quot;orientation&quot;:&quot;1&quot;}\" data-image-title=\"festa-da-uva-em-jundiai\" data-image-description=\"\" data-image-caption=\"\" data-medium-file=\"https:\/\/www.cidadesdomeubrasil.com.br\/blog\/wp-content\/uploads\/2019\/02\/festa-da-uva-em-jundiai-300x225.jpg\" data-large-file=\"https:\/\/www.cidadesdomeubrasil.com.br\/blog\/wp-content\/uploads\/2019\/02\/festa-da-uva-em-jundiai.jpg\" class=\"aligncenter size-full wp-image-2404\" src=\"http:\/\/www.cidadesdomeubrasil.com.br\/blog\/wp-content\/uploads\/2019\/02\/festa-da-uva-em-jundiai.jpg\" alt=\"\" width=\"640\" height=\"480\" srcset=\"https:\/\/www.cidadesdomeubrasil.com.br\/blog\/wp-content\/uploads\/2019\/02\/festa-da-uva-em-jundiai.jpg 640w, https:\/\/www.cidadesdomeubrasil.com.br\/blog\/wp-content\/uploads\/2019\/02\/festa-da-uva-em-jundiai-300x225.jpg 300w\" sizes=\"auto, (max-width: 640px) 100vw, 640px\" \/><\/a><\/p>\n<p>A primeira Festa da Uva de Jundia\u00ed foi motivada pela descoberta de uma nova variedade do fruto. A <a href=\"https:\/\/sansevero.com.br\/conheca-a-uva-niagara\/\">uva ni\u00e1gora<\/a> rosada surgiu em virtude de uma muta\u00e7\u00e3o gen\u00e9tica espont\u00e2nea e serviu de inspira\u00e7\u00e3o para o evento. Mais de 80 anos se passaram desde a primeira edi\u00e7\u00e3o em 1934, e a festa continua sendo um sucesso na pequena cidade do interior de S\u00e3o Paulo.<\/p>\n<p>&nbsp;<\/p>\n<p>A comemora\u00e7\u00e3o come\u00e7ou a ser realizada pelas ruas do centro do munic\u00edpio de Jundia\u00ed at\u00e9 que em 1953 foi constru\u00eddo um lugar especial para a realiza\u00e7\u00e3o do evento. O Parque Comendador Ant\u00f4nio Carbonari, mais conhecido como Parque da Uva, possui tr\u00eas pavilh\u00f5es e uma \u00e1reas que ocupa quase 53 mil m\u00b2.<\/p>\n<p>Durante a festa da Uva s\u00e3o montados dois palcos, dois coretos e espa\u00e7o dedicado \u00e0 realiza\u00e7\u00e3o de atividades infantis, al\u00e9m de stands de alimenta\u00e7\u00e3o e bebidas.<\/p>\n<p>A festa geralmente ocorre entre o final do m\u00eas de janeiro e in\u00edcio de fevereiro. A cada edi\u00e7\u00e3o, a festa recebe centenas de visitantes que desfrutam de sua vasta programa\u00e7\u00e3o. A Festa da Uva 2015 reuniu aproximadamente 150 mil pessoas vindas de todo o pa\u00eds.<\/p>\n<p>&nbsp;<\/p>\n<p>A programa\u00e7\u00e3o \u00e9 feita para agradar a todos os gostos. Com entrada gratuita e diversos espa\u00e7os culturais, o evento \u00e9 repleto de apresenta\u00e7\u00f5es musicais de v\u00e1rios estilos.<\/p>\n<p>Ao longo dos anos, bandas de moda de viola, grupos de rock, al\u00e9m de m\u00fasica folcl\u00f3rica e de c\u00e2mara, divertiram o p\u00fablico que passou por Jundia\u00ed. E n\u00e3o para por a\u00ed, o evento ainda conta com concurso, oficinas, workshops e palestras que complementam a grandiosa manifesta\u00e7\u00e3o cultural do povo da pequena e tradicional cidade paulistana.<\/p>\n<p>Workshops culin\u00e1rios, como por exemplo o que ensina receitas a base de uva, prop\u00f5em a aproxima\u00e7\u00e3o do p\u00fablico com a hist\u00f3ria do munic\u00edpio.<\/p>\n<h3><strong>Tradi\u00e7\u00e3o<\/strong><\/h3>\n<p>A Festa da Uva de Jundia\u00ed, que surgiu com o objetivo de valorizar seus produtores de uva, \u00e9 uma grande manifesta\u00e7\u00e3o da cultura e tradi\u00e7\u00e3o desta pequena cidade. Desde sua primeira edi\u00e7\u00e3o o evento demonstra grande apego \u00e0s ra\u00edzes de seu povo, fato notado atrav\u00e9s de sua programa\u00e7\u00e3o.<\/p>\n<p>Uma das caracter\u00edsticas marcantes \u00e9 a Cerim\u00f4nia da \u201cPisa da Uva\u201d, quando moradores e p\u00fablico visitante amassam os frutos com os p\u00e9s e relembram a maneira tradicional de fazer o vinho. O evento ainda conta com genu\u00ednas exposi\u00e7\u00f5es e degusta\u00e7\u00f5es dos vinhos produzidos na cidade.<\/p>\n<p>&nbsp;<\/p>\n<p>A Festa da Uva ainda preza pela apresenta\u00e7\u00e3o de bandas e grupos de dan\u00e7a e teatro da regi\u00e3o. A Orquestra Jundiaiense de Viola Caipira e a Orquestra Municipal de Jundia\u00ed j\u00e1 s\u00e3o algumas das atra\u00e7\u00f5es carimbadas.<\/p>\n<h3><strong>A Corte<\/strong><\/h3>\n<p>Seguindo com a tradi\u00e7\u00e3o, a festa ainda promove a elei\u00e7\u00e3o de sua corte. Ap\u00f3s escolher os representantes, iniciam-se as comemora\u00e7\u00f5es.<\/p>\n<p>Rainhas e princesas s\u00e3o escolhidas com base nos quesitos beleza, eleg\u00e2ncia, simpatia, desembara\u00e7o e traje de gala. Membros da prefeitura de Jundia\u00ed, entidades relacionadas \u00e0 produ\u00e7\u00e3o da uva, bailarinas e jornalistas formam o j\u00fari. A rainha e sua corte t\u00eam a miss\u00e3o de representar a cidade de Jundia\u00ed e a Festa da Uva.<\/p>\n<div id=\"g1-fluid-wrapper-counter-1\" class=\"g1-fluid-wrapper \" style=\"width:662px;\" data-g1-fluid-width=\"662\" data-g1-fluid-height=\"372\">\n<div class=\"g1-fluid-wrapper-inner\" style=\"padding-bottom:56.19335347432%;\">\n\t       <iframe loading=\"lazy\" title=\"Festa da Uva de Jundia\u00ed #festadauva #jundiai\" width=\"662\" height=\"372\" src=\"https:\/\/www.youtube.com\/embed\/-zi5Ii_TfgU?feature=oembed\" frameborder=\"0\" allow=\"accelerometer; autoplay; clipboard-write; encrypted-media; gyroscope; picture-in-picture; web-share\" referrerpolicy=\"strict-origin-when-cross-origin\" allowfullscreen><\/iframe>\n\t       <\/div>\n<\/p><\/div>\n","protected":false},"excerpt":{"rendered":"<p>A primeira Festa da Uva de Jundia\u00ed foi motivada pela descoberta de uma nova variedade do fruto. A uva Ni\u00e1gora Rosada &#8230; <a class=\"g1-link g1-link-more\" href=\"https:\/\/www.cidadesdomeubrasil.com.br\/blog\/festa-da-uva-em-jundiai\/\">Mais<\/a><\/p>\n","protected":false},"author":1,"featured_media":2404,"comment_status":"open","ping_status":"open","sticky":false,"template":"","format":"standard","meta":{"jetpack_post_was_ever_published":false,"_jetpack_newsletter_access":"","_jetpack_dont_email_post_to_subs":false,"_jetpack_newsletter_tier_id":0,"_jetpack_memberships_contains_paywalled_content":false,"fifu_image_url":"","fifu_image_alt":"","_jetpack_memberships_contains_paid_content":false,"footnotes":"","jetpack_publicize_message":"","jetpack_publicize_feature_enabled":true,"jetpack_social_post_already_shared":true,"jetpack_social_options":{"image_generator_settings":{"template":"highway","default_image_id":0,"font":"","enabled":false},"version":2}},"categories":[115],"tags":[],"class_list":{"0":"post-2403","1":"post","2":"type-post","3":"status-publish","4":"format-standard","5":"has-post-thumbnail","7":"category-cidades-do-brasil"},"yoast_head":"<!-- This site is optimized with the Yoast SEO plugin v26.5 - https:\/\/yoast.com\/wordpress\/plugins\/seo\/ -->\n<title>Voc\u00ea conhece a Festa da Uva em Jundia\u00ed? - Blog Brasil<\/title>\n<meta name=\"robots\" content=\"index, follow, max-snippet:-1, max-image-preview:large, max-video-preview:-1\" \/>\n<link rel=\"canonical\" href=\"https:\/\/www.cidadesdomeubrasil.com.br\/blog\/festa-da-uva-em-jundiai\/\" \/>\n<meta property=\"og:locale\" content=\"pt_BR\" \/>\n<meta property=\"og:type\" content=\"article\" \/>\n<meta property=\"og:title\" content=\"Voc\u00ea conhece a Festa da Uva em Jundia\u00ed? - Blog Brasil\" \/>\n<meta property=\"og:description\" content=\"A primeira Festa da Uva de Jundia\u00ed foi motivada pela descoberta de uma nova variedade do fruto. A uva Ni\u00e1gora Rosada ... Mais\" \/>\n<meta property=\"og:url\" content=\"https:\/\/www.cidadesdomeubrasil.com.br\/blog\/festa-da-uva-em-jundiai\/\" \/>\n<meta property=\"og:site_name\" content=\"Blog Brasil\" \/>\n<meta property=\"article:publisher\" content=\"https:\/\/web.facebook.com\/cidades.do.meu.Brasil\" \/>\n<meta property=\"article:published_time\" content=\"2023-04-10T06:25:11+00:00\" \/>\n<meta property=\"article:modified_time\" content=\"2023-04-10T18:35:54+00:00\" \/>\n<meta property=\"og:image\" content=\"http:\/\/www.cidadesdomeubrasil.com.br\/blog\/wp-content\/uploads\/2019\/02\/festa-da-uva-em-jundiai.jpg\" \/>\n\t<meta property=\"og:image:width\" content=\"640\" \/>\n\t<meta property=\"og:image:height\" content=\"480\" \/>\n\t<meta property=\"og:image:type\" content=\"image\/jpeg\" \/>\n<meta name=\"author\" content=\"Ivanilton Quinto\" \/>\n<meta name=\"twitter:card\" content=\"summary_large_image\" \/>\n<meta name=\"twitter:label1\" content=\"Escrito por\" \/>\n\t<meta name=\"twitter:data1\" content=\"Ivanilton Quinto\" \/>\n\t<meta name=\"twitter:label2\" content=\"Est. tempo de leitura\" \/>\n\t<meta name=\"twitter:data2\" content=\"3 minutos\" \/>\n<script type=\"application\/ld+json\" class=\"yoast-schema-graph\">{\"@context\":\"https:\/\/schema.org\",\"@graph\":[{\"@type\":\"Article\",\"@id\":\"https:\/\/www.cidadesdomeubrasil.com.br\/blog\/festa-da-uva-em-jundiai\/#article\",\"isPartOf\":{\"@id\":\"https:\/\/www.cidadesdomeubrasil.com.br\/blog\/festa-da-uva-em-jundiai\/\"},\"author\":{\"name\":\"Ivanilton Quinto\",\"@id\":\"https:\/\/www.cidadesdomeubrasil.com.br\/blog\/#\/schema\/person\/f8f35823b0b1385a41d219538417b376\"},\"headline\":\"Voc\u00ea conhece a Festa da Uva em Jundia\u00ed?\",\"datePublished\":\"2023-04-10T06:25:11+00:00\",\"dateModified\":\"2023-04-10T18:35:54+00:00\",\"mainEntityOfPage\":{\"@id\":\"https:\/\/www.cidadesdomeubrasil.com.br\/blog\/festa-da-uva-em-jundiai\/\"},\"wordCount\":575,\"commentCount\":0,\"publisher\":{\"@id\":\"https:\/\/www.cidadesdomeubrasil.com.br\/blog\/#organization\"},\"image\":{\"@id\":\"https:\/\/www.cidadesdomeubrasil.com.br\/blog\/festa-da-uva-em-jundiai\/#primaryimage\"},\"thumbnailUrl\":\"https:\/\/www.cidadesdomeubrasil.com.br\/blog\/wp-content\/uploads\/2019\/02\/festa-da-uva-em-jundiai.jpg\",\"articleSection\":[\"Cidades do Brasil\"],\"inLanguage\":\"pt-BR\",\"potentialAction\":[{\"@type\":\"CommentAction\",\"name\":\"Comment\",\"target\":[\"https:\/\/www.cidadesdomeubrasil.com.br\/blog\/festa-da-uva-em-jundiai\/#respond\"]}],\"copyrightYear\":\"2023\",\"copyrightHolder\":{\"@id\":\"https:\/\/www.cidadesdomeubrasil.com.br\/blog\/#organization\"}},{\"@type\":\"WebPage\",\"@id\":\"https:\/\/www.cidadesdomeubrasil.com.br\/blog\/festa-da-uva-em-jundiai\/\",\"url\":\"https:\/\/www.cidadesdomeubrasil.com.br\/blog\/festa-da-uva-em-jundiai\/\",\"name\":\"Voc\u00ea conhece a Festa da Uva em Jundia\u00ed? - Blog Brasil\",\"isPartOf\":{\"@id\":\"https:\/\/www.cidadesdomeubrasil.com.br\/blog\/#website\"},\"primaryImageOfPage\":{\"@id\":\"https:\/\/www.cidadesdomeubrasil.com.br\/blog\/festa-da-uva-em-jundiai\/#primaryimage\"},\"image\":{\"@id\":\"https:\/\/www.cidadesdomeubrasil.com.br\/blog\/festa-da-uva-em-jundiai\/#primaryimage\"},\"thumbnailUrl\":\"https:\/\/www.cidadesdomeubrasil.com.br\/blog\/wp-content\/uploads\/2019\/02\/festa-da-uva-em-jundiai.jpg\",\"datePublished\":\"2023-04-10T06:25:11+00:00\",\"dateModified\":\"2023-04-10T18:35:54+00:00\",\"breadcrumb\":{\"@id\":\"https:\/\/www.cidadesdomeubrasil.com.br\/blog\/festa-da-uva-em-jundiai\/#breadcrumb\"},\"inLanguage\":\"pt-BR\",\"potentialAction\":[{\"@type\":\"ReadAction\",\"target\":[\"https:\/\/www.cidadesdomeubrasil.com.br\/blog\/festa-da-uva-em-jundiai\/\"]}]},{\"@type\":\"ImageObject\",\"inLanguage\":\"pt-BR\",\"@id\":\"https:\/\/www.cidadesdomeubrasil.com.br\/blog\/festa-da-uva-em-jundiai\/#primaryimage\",\"url\":\"https:\/\/www.cidadesdomeubrasil.com.br\/blog\/wp-content\/uploads\/2019\/02\/festa-da-uva-em-jundiai.jpg\",\"contentUrl\":\"https:\/\/www.cidadesdomeubrasil.com.br\/blog\/wp-content\/uploads\/2019\/02\/festa-da-uva-em-jundiai.jpg\",\"width\":640,\"height\":480},{\"@type\":\"BreadcrumbList\",\"@id\":\"https:\/\/www.cidadesdomeubrasil.com.br\/blog\/festa-da-uva-em-jundiai\/#breadcrumb\",\"itemListElement\":[{\"@type\":\"ListItem\",\"position\":1,\"name\":\"In\u00edcio\",\"item\":\"https:\/\/www.cidadesdomeubrasil.com.br\/blog\/\"},{\"@type\":\"ListItem\",\"position\":2,\"name\":\"Voc\u00ea conhece a Festa da Uva em Jundia\u00ed?\"}]},{\"@type\":\"WebSite\",\"@id\":\"https:\/\/www.cidadesdomeubrasil.com.br\/blog\/#website\",\"url\":\"https:\/\/www.cidadesdomeubrasil.com.br\/blog\/\",\"name\":\"Blog Brasil\",\"description\":\"Utilidade P\u00fablica, Turismo e tudo mais para voc\u00ea!\",\"publisher\":{\"@id\":\"https:\/\/www.cidadesdomeubrasil.com.br\/blog\/#organization\"},\"potentialAction\":[{\"@type\":\"SearchAction\",\"target\":{\"@type\":\"EntryPoint\",\"urlTemplate\":\"https:\/\/www.cidadesdomeubrasil.com.br\/blog\/?s={search_term_string}\"},\"query-input\":{\"@type\":\"PropertyValueSpecification\",\"valueRequired\":true,\"valueName\":\"search_term_string\"}}],\"inLanguage\":\"pt-BR\"},{\"@type\":[\"Organization\",\"Place\"],\"@id\":\"https:\/\/www.cidadesdomeubrasil.com.br\/blog\/#organization\",\"name\":\"Cidades do meu Brasil\",\"url\":\"https:\/\/www.cidadesdomeubrasil.com.br\/blog\/\",\"logo\":{\"@id\":\"https:\/\/www.cidadesdomeubrasil.com.br\/blog\/festa-da-uva-em-jundiai\/#local-main-organization-logo\"},\"image\":{\"@id\":\"https:\/\/www.cidadesdomeubrasil.com.br\/blog\/festa-da-uva-em-jundiai\/#local-main-organization-logo\"},\"sameAs\":[\"https:\/\/web.facebook.com\/cidades.do.meu.Brasil\",\"https:\/\/www.youtube.com\/channel\/UCCA5Gj67lVNVC4eJFQu4rnA\"],\"openingHoursSpecification\":[{\"@type\":\"OpeningHoursSpecification\",\"dayOfWeek\":[\"Sunday\",\"Monday\",\"Tuesday\",\"Wednesday\",\"Thursday\",\"Friday\",\"Saturday\"],\"opens\":\"09:00\",\"closes\":\"17:00\"}]},{\"@type\":\"Person\",\"@id\":\"https:\/\/www.cidadesdomeubrasil.com.br\/blog\/#\/schema\/person\/f8f35823b0b1385a41d219538417b376\",\"name\":\"Ivanilton Quinto\",\"image\":{\"@type\":\"ImageObject\",\"inLanguage\":\"pt-BR\",\"@id\":\"https:\/\/www.cidadesdomeubrasil.com.br\/blog\/#\/schema\/person\/image\/\",\"url\":\"https:\/\/secure.gravatar.com\/avatar\/d4a6bbbb044495ea3dee705b21e752a5ddf248daa09a8e01e21909cf3ae695b0?s=96&d=mm&r=g\",\"contentUrl\":\"https:\/\/secure.gravatar.com\/avatar\/d4a6bbbb044495ea3dee705b21e752a5ddf248daa09a8e01e21909cf3ae695b0?s=96&d=mm&r=g\",\"caption\":\"Ivanilton Quinto\"},\"description\":\"Te\u00f3logo e Empreendedor digital\",\"url\":\"https:\/\/www.cidadesdomeubrasil.com.br\/blog\/author\/ivan\/\"},{\"@type\":\"ImageObject\",\"inLanguage\":\"pt-BR\",\"@id\":\"https:\/\/www.cidadesdomeubrasil.com.br\/blog\/festa-da-uva-em-jundiai\/#local-main-organization-logo\",\"url\":\"https:\/\/www.cidadesdomeubrasil.com.br\/blog\/wp-content\/uploads\/2015\/11\/logo.png\",\"contentUrl\":\"https:\/\/www.cidadesdomeubrasil.com.br\/blog\/wp-content\/uploads\/2015\/11\/logo.png\",\"width\":347,\"height\":80,\"caption\":\"Cidades do meu Brasil\"}]}<\/script>\n<!-- \/ Yoast SEO plugin. -->","yoast_head_json":{"title":"Voc\u00ea conhece a Festa da Uva em Jundia\u00ed? - Blog Brasil","robots":{"index":"index","follow":"follow","max-snippet":"max-snippet:-1","max-image-preview":"max-image-preview:large","max-video-preview":"max-video-preview:-1"},"canonical":"https:\/\/www.cidadesdomeubrasil.com.br\/blog\/festa-da-uva-em-jundiai\/","og_locale":"pt_BR","og_type":"article","og_title":"Voc\u00ea conhece a Festa da Uva em Jundia\u00ed? - Blog Brasil","og_description":"A primeira Festa da Uva de Jundia\u00ed foi motivada pela descoberta de uma nova variedade do fruto. A uva Ni\u00e1gora Rosada ... Mais","og_url":"https:\/\/www.cidadesdomeubrasil.com.br\/blog\/festa-da-uva-em-jundiai\/","og_site_name":"Blog Brasil","article_publisher":"https:\/\/web.facebook.com\/cidades.do.meu.Brasil","article_published_time":"2023-04-10T06:25:11+00:00","article_modified_time":"2023-04-10T18:35:54+00:00","og_image":[{"width":640,"height":480,"url":"http:\/\/www.cidadesdomeubrasil.com.br\/blog\/wp-content\/uploads\/2019\/02\/festa-da-uva-em-jundiai.jpg","type":"image\/jpeg"}],"author":"Ivanilton Quinto","twitter_card":"summary_large_image","twitter_misc":{"Escrito por":"Ivanilton Quinto","Est. tempo de leitura":"3 minutos"},"schema":{"@context":"https:\/\/schema.org","@graph":[{"@type":"Article","@id":"https:\/\/www.cidadesdomeubrasil.com.br\/blog\/festa-da-uva-em-jundiai\/#article","isPartOf":{"@id":"https:\/\/www.cidadesdomeubrasil.com.br\/blog\/festa-da-uva-em-jundiai\/"},"author":{"name":"Ivanilton Quinto","@id":"https:\/\/www.cidadesdomeubrasil.com.br\/blog\/#\/schema\/person\/f8f35823b0b1385a41d219538417b376"},"headline":"Voc\u00ea conhece a Festa da Uva em Jundia\u00ed?","datePublished":"2023-04-10T06:25:11+00:00","dateModified":"2023-04-10T18:35:54+00:00","mainEntityOfPage":{"@id":"https:\/\/www.cidadesdomeubrasil.com.br\/blog\/festa-da-uva-em-jundiai\/"},"wordCount":575,"commentCount":0,"publisher":{"@id":"https:\/\/www.cidadesdomeubrasil.com.br\/blog\/#organization"},"image":{"@id":"https:\/\/www.cidadesdomeubrasil.com.br\/blog\/festa-da-uva-em-jundiai\/#primaryimage"},"thumbnailUrl":"https:\/\/www.cidadesdomeubrasil.com.br\/blog\/wp-content\/uploads\/2019\/02\/festa-da-uva-em-jundiai.jpg","articleSection":["Cidades do Brasil"],"inLanguage":"pt-BR","potentialAction":[{"@type":"CommentAction","name":"Comment","target":["https:\/\/www.cidadesdomeubrasil.com.br\/blog\/festa-da-uva-em-jundiai\/#respond"]}],"copyrightYear":"2023","copyrightHolder":{"@id":"https:\/\/www.cidadesdomeubrasil.com.br\/blog\/#organization"}},{"@type":"WebPage","@id":"https:\/\/www.cidadesdomeubrasil.com.br\/blog\/festa-da-uva-em-jundiai\/","url":"https:\/\/www.cidadesdomeubrasil.com.br\/blog\/festa-da-uva-em-jundiai\/","name":"Voc\u00ea conhece a Festa da Uva em Jundia\u00ed? - Blog Brasil","isPartOf":{"@id":"https:\/\/www.cidadesdomeubrasil.com.br\/blog\/#website"},"primaryImageOfPage":{"@id":"https:\/\/www.cidadesdomeubrasil.com.br\/blog\/festa-da-uva-em-jundiai\/#primaryimage"},"image":{"@id":"https:\/\/www.cidadesdomeubrasil.com.br\/blog\/festa-da-uva-em-jundiai\/#primaryimage"},"thumbnailUrl":"https:\/\/www.cidadesdomeubrasil.com.br\/blog\/wp-content\/uploads\/2019\/02\/festa-da-uva-em-jundiai.jpg","datePublished":"2023-04-10T06:25:11+00:00","dateModified":"2023-04-10T18:35:54+00:00","breadcrumb":{"@id":"https:\/\/www.cidadesdomeubrasil.com.br\/blog\/festa-da-uva-em-jundiai\/#breadcrumb"},"inLanguage":"pt-BR","potentialAction":[{"@type":"ReadAction","target":["https:\/\/www.cidadesdomeubrasil.com.br\/blog\/festa-da-uva-em-jundiai\/"]}]},{"@type":"ImageObject","inLanguage":"pt-BR","@id":"https:\/\/www.cidadesdomeubrasil.com.br\/blog\/festa-da-uva-em-jundiai\/#primaryimage","url":"https:\/\/www.cidadesdomeubrasil.com.br\/blog\/wp-content\/uploads\/2019\/02\/festa-da-uva-em-jundiai.jpg","contentUrl":"https:\/\/www.cidadesdomeubrasil.com.br\/blog\/wp-content\/uploads\/2019\/02\/festa-da-uva-em-jundiai.jpg","width":640,"height":480},{"@type":"BreadcrumbList","@id":"https:\/\/www.cidadesdomeubrasil.com.br\/blog\/festa-da-uva-em-jundiai\/#breadcrumb","itemListElement":[{"@type":"ListItem","position":1,"name":"In\u00edcio","item":"https:\/\/www.cidadesdomeubrasil.com.br\/blog\/"},{"@type":"ListItem","position":2,"name":"Voc\u00ea conhece a Festa da Uva em Jundia\u00ed?"}]},{"@type":"WebSite","@id":"https:\/\/www.cidadesdomeubrasil.com.br\/blog\/#website","url":"https:\/\/www.cidadesdomeubrasil.com.br\/blog\/","name":"Blog Brasil","description":"Utilidade P\u00fablica, Turismo e tudo mais para voc\u00ea!","publisher":{"@id":"https:\/\/www.cidadesdomeubrasil.com.br\/blog\/#organization"},"potentialAction":[{"@type":"SearchAction","target":{"@type":"EntryPoint","urlTemplate":"https:\/\/www.cidadesdomeubrasil.com.br\/blog\/?s={search_term_string}"},"query-input":{"@type":"PropertyValueSpecification","valueRequired":true,"valueName":"search_term_string"}}],"inLanguage":"pt-BR"},{"@type":["Organization","Place"],"@id":"https:\/\/www.cidadesdomeubrasil.com.br\/blog\/#organization","name":"Cidades do meu Brasil","url":"https:\/\/www.cidadesdomeubrasil.com.br\/blog\/","logo":{"@id":"https:\/\/www.cidadesdomeubrasil.com.br\/blog\/festa-da-uva-em-jundiai\/#local-main-organization-logo"},"image":{"@id":"https:\/\/www.cidadesdomeubrasil.com.br\/blog\/festa-da-uva-em-jundiai\/#local-main-organization-logo"},"sameAs":["https:\/\/web.facebook.com\/cidades.do.meu.Brasil","https:\/\/www.youtube.com\/channel\/UCCA5Gj67lVNVC4eJFQu4rnA"],"openingHoursSpecification":[{"@type":"OpeningHoursSpecification","dayOfWeek":["Sunday","Monday","Tuesday","Wednesday","Thursday","Friday","Saturday"],"opens":"09:00","closes":"17:00"}]},{"@type":"Person","@id":"https:\/\/www.cidadesdomeubrasil.com.br\/blog\/#\/schema\/person\/f8f35823b0b1385a41d219538417b376","name":"Ivanilton Quinto","image":{"@type":"ImageObject","inLanguage":"pt-BR","@id":"https:\/\/www.cidadesdomeubrasil.com.br\/blog\/#\/schema\/person\/image\/","url":"https:\/\/secure.gravatar.com\/avatar\/d4a6bbbb044495ea3dee705b21e752a5ddf248daa09a8e01e21909cf3ae695b0?s=96&d=mm&r=g","contentUrl":"https:\/\/secure.gravatar.com\/avatar\/d4a6bbbb044495ea3dee705b21e752a5ddf248daa09a8e01e21909cf3ae695b0?s=96&d=mm&r=g","caption":"Ivanilton Quinto"},"description":"Te\u00f3logo e Empreendedor digital","url":"https:\/\/www.cidadesdomeubrasil.com.br\/blog\/author\/ivan\/"},{"@type":"ImageObject","inLanguage":"pt-BR","@id":"https:\/\/www.cidadesdomeubrasil.com.br\/blog\/festa-da-uva-em-jundiai\/#local-main-organization-logo","url":"https:\/\/www.cidadesdomeubrasil.com.br\/blog\/wp-content\/uploads\/2015\/11\/logo.png","contentUrl":"https:\/\/www.cidadesdomeubrasil.com.br\/blog\/wp-content\/uploads\/2015\/11\/logo.png","width":347,"height":80,"caption":"Cidades do meu Brasil"}]}},"jetpack_publicize_connections":[],"jetpack_featured_media_url":"https:\/\/www.cidadesdomeubrasil.com.br\/blog\/wp-content\/uploads\/2019\/02\/festa-da-uva-em-jundiai.jpg","wps_subtitle":"","jetpack_shortlink":"https:\/\/wp.me\/p52h2W-CL","jetpack_sharing_enabled":true,"_links":{"self":[{"href":"https:\/\/www.cidadesdomeubrasil.com.br\/blog\/wp-json\/wp\/v2\/posts\/2403","targetHints":{"allow":["GET"]}}],"collection":[{"href":"https:\/\/www.cidadesdomeubrasil.com.br\/blog\/wp-json\/wp\/v2\/posts"}],"about":[{"href":"https:\/\/www.cidadesdomeubrasil.com.br\/blog\/wp-json\/wp\/v2\/types\/post"}],"author":[{"embeddable":true,"href":"https:\/\/www.cidadesdomeubrasil.com.br\/blog\/wp-json\/wp\/v2\/users\/1"}],"replies":[{"embeddable":true,"href":"https:\/\/www.cidadesdomeubrasil.com.br\/blog\/wp-json\/wp\/v2\/comments?post=2403"}],"version-history":[{"count":3,"href":"https:\/\/www.cidadesdomeubrasil.com.br\/blog\/wp-json\/wp\/v2\/posts\/2403\/revisions"}],"predecessor-version":[{"id":50703,"href":"https:\/\/www.cidadesdomeubrasil.com.br\/blog\/wp-json\/wp\/v2\/posts\/2403\/revisions\/50703"}],"wp:featuredmedia":[{"embeddable":true,"href":"https:\/\/www.cidadesdomeubrasil.com.br\/blog\/wp-json\/wp\/v2\/media\/2404"}],"wp:attachment":[{"href":"https:\/\/www.cidadesdomeubrasil.com.br\/blog\/wp-json\/wp\/v2\/media?parent=2403"}],"wp:term":[{"taxonomy":"category","embeddable":true,"href":"https:\/\/www.cidadesdomeubrasil.com.br\/blog\/wp-json\/wp\/v2\/categories?post=2403"},{"taxonomy":"post_tag","embeddable":true,"href":"https:\/\/www.cidadesdomeubrasil.com.br\/blog\/wp-json\/wp\/v2\/tags?post=2403"}],"curies":[{"name":"wp","href":"https:\/\/api.w.org\/{rel}","templated":true}]}}